{"id":11368,"date":"2016-04-29T17:35:59","date_gmt":"2016-04-29T16:35:59","guid":{"rendered":"http:\/\/madeinzaragoza.es\/blog\/?p=11368"},"modified":"2016-05-02T19:48:45","modified_gmt":"2016-05-02T18:48:45","slug":"el-arte-de-las-vidrieras","status":"publish","type":"post","link":"http:\/\/madeinzaragoza.es\/blog\/el-arte-de-las-vidrieras\/","title":{"rendered":"El arte de las vidrieras"},"content":{"rendered":"<p>Cuando uno se topa con tiendas con encanto merece la pena pararse y disfrutar de su escaparate.<\/p>\n<p>recisamente fue esto lo que me ocurri\u00f3 paseando por la inmediaciones de mi casa en una calle secundar\u00eda, donde nadie pensar\u00eda que en el interior de un local se trabajan las mejores vidrieras de la ciudad. Frente a su escaparate vi objetos sorprendentes, de otra \u00e9poca, se trataba de <strong>Critacolor, una empresa que se dedica al arte de las vidrieras desde 1939<\/strong>, antes llamados Arte Sacro Navarro, Decorativas Navarro o Navarro simplemente. Este apellido forma parte adem\u00e1s de mi \u00e1rbol geneal\u00f3gico, ya que el \u00a0fue el primo de mi abuelo paterno, Leopoldo Navarro Or\u00f3s quien fundar\u00eda esta empresa, y casualidades de la vida la descubro con vosotros mediante este art\u00edculo.<\/p>\n<figure id=\"attachment_11369\" aria-describedby=\"caption-attachment-11369\" style=\"width: 589px\" class=\"wp-caption aligncenter\"><img loading=\"lazy\" decoding=\"async\" class=\"wp-image-11369 \" src=\"http:\/\/madeinzaragoza.es\/blog\/wp-content\/uploads\/2016\/04\/IMG_20160428_130956-1024x768.jpg\" alt=\"Antonio hijo trabajando en el taller.\" width=\"589\" height=\"442\" srcset=\"http:\/\/madeinzaragoza.es\/blog\/wp-content\/uploads\/2016\/04\/IMG_20160428_130956-1024x768.jpg 1024w, http:\/\/madeinzaragoza.es\/blog\/wp-content\/uploads\/2016\/04\/IMG_20160428_130956-300x225.jpg 300w, http:\/\/madeinzaragoza.es\/blog\/wp-content\/uploads\/2016\/04\/IMG_20160428_130956-625x468.jpg 625w, http:\/\/madeinzaragoza.es\/blog\/wp-content\/uploads\/2016\/04\/IMG_20160428_130956-180x135.jpg 180w, http:\/\/madeinzaragoza.es\/blog\/wp-content\/uploads\/2016\/04\/IMG_20160428_130956-960x720.jpg 960w, http:\/\/madeinzaragoza.es\/blog\/wp-content\/uploads\/2016\/04\/IMG_20160428_130956-350x262.jpg 350w, http:\/\/madeinzaragoza.es\/blog\/wp-content\/uploads\/2016\/04\/IMG_20160428_130956.jpg 1280w\" sizes=\"(max-width: 589px) 85vw, 589px\" \/><figcaption id=\"caption-attachment-11369\" class=\"wp-caption-text\">Antonio hijo trabajando en el taller.<\/figcaption><\/figure>\n<p>&nbsp;<\/p>\n<p>Como si de una revelaci\u00f3n se tratase y guiado por mi instinto decid\u00ed entrar en el local, que realmente ten\u00eda poco de tienda, se trataba realmente de un taller, en un primer momento conoc\u00ed a Antonio Navarro, hijo del fundador que continu\u00f3 con el negocio, y las casualidades hicieron nuevamente que se cruzasen historias familiares, ya que tuvo amistad con mi padre, este tipo de casualidades me impulsaron a seguir descubriendo cosas.<\/p>\n<p>Mi empe\u00f1o por seguir investigando fue a m\u00e1s y finalmente pude acceder a su taller con sus muros repletos de vidrieras y dibujos, <strong>escond\u00edan el saber de una tradici\u00f3n trasmitida de padres a hijos<\/strong>, ya que Antonio est\u00e1 dejando todo el peso del negocio en su hijo llamado tambi\u00e9n Antonio, y esto har\u00e1 que la magia de las vidrieras perdure con el tiempo.<\/p>\n<figure id=\"attachment_11371\" aria-describedby=\"caption-attachment-11371\" style=\"width: 504px\" class=\"wp-caption aligncenter\"><img loading=\"lazy\" decoding=\"async\" class=\"wp-image-11371 \" src=\"http:\/\/madeinzaragoza.es\/blog\/wp-content\/uploads\/2016\/04\/IMG_20160428_131817-768x1024.jpg\" alt=\"Detalle de una de las vidrieras\" width=\"504\" height=\"672\" srcset=\"http:\/\/madeinzaragoza.es\/blog\/wp-content\/uploads\/2016\/04\/IMG_20160428_131817-768x1024.jpg 768w, http:\/\/madeinzaragoza.es\/blog\/wp-content\/uploads\/2016\/04\/IMG_20160428_131817-225x300.jpg 225w, http:\/\/madeinzaragoza.es\/blog\/wp-content\/uploads\/2016\/04\/IMG_20160428_131817-625x833.jpg 625w, http:\/\/madeinzaragoza.es\/blog\/wp-content\/uploads\/2016\/04\/IMG_20160428_131817-300x400.jpg 300w, http:\/\/madeinzaragoza.es\/blog\/wp-content\/uploads\/2016\/04\/IMG_20160428_131817-180x240.jpg 180w, http:\/\/madeinzaragoza.es\/blog\/wp-content\/uploads\/2016\/04\/IMG_20160428_131817-350x466.jpg 350w, http:\/\/madeinzaragoza.es\/blog\/wp-content\/uploads\/2016\/04\/IMG_20160428_131817.jpg 960w\" sizes=\"(max-width: 504px) 85vw, 504px\" \/><figcaption id=\"caption-attachment-11371\" class=\"wp-caption-text\">Detalle de una de las vidrieras<\/figcaption><\/figure>\n<p>Lo que ahora conocemos como vidrieras decorativas, lo que podemos ver en iglesias como el Pilar y la Seo, \u00a0en edificios como el Ayuntamiento, o en el Caf\u00e9 Levante, en su origen fueron todo tipo de propuestas art\u00edsticas, de hecho me comentaban padre e hijo que cuando el taller funcionaba al 100%, pose\u00edan mas de 30 trabajadores dedic\u00e1ndose a todo tipo \u00a0de encargos como los retablos, ornamentos lit\u00fargicos, pinturas y esculturas. Todo ello, nos da una idea de las dimensiones del taller. Me puedo imaginar a todos ellos dise\u00f1ando bocetos a l\u00e1piz que luego trasladaban a sus modelos en diferentes materiales, como los artesanos de cualquier taller medieval realizando obras de arte.<\/p>\n<p>Al parecer, en los a\u00f1os 50, desciende el trabajo religioso y se reduce todo pr\u00e1cticamente a las vidrieras art\u00edsticas, absorbiendo alguna de las empresas mas importantes de la ciudad como eran Talleres Quintana y Vidrieras Aragonesas, luego vendr\u00eda Vidrieras la Veneciana, y actualmente Cristacolor como \u00fanico taller que se dedica a este tipo de trabajos en Zaragoza.<\/p>\n<figure id=\"attachment_11370\" aria-describedby=\"caption-attachment-11370\" style=\"width: 545px\" class=\"wp-caption aligncenter\"><img loading=\"lazy\" decoding=\"async\" class=\"wp-image-11370 \" src=\"http:\/\/madeinzaragoza.es\/blog\/wp-content\/uploads\/2016\/04\/IMG_20160428_131807-768x1024.jpg\" alt=\"Una de sus \u00faltimas obras escult\u00f3ricas\" width=\"545\" height=\"727\" srcset=\"http:\/\/madeinzaragoza.es\/blog\/wp-content\/uploads\/2016\/04\/IMG_20160428_131807-768x1024.jpg 768w, http:\/\/madeinzaragoza.es\/blog\/wp-content\/uploads\/2016\/04\/IMG_20160428_131807-225x300.jpg 225w, http:\/\/madeinzaragoza.es\/blog\/wp-content\/uploads\/2016\/04\/IMG_20160428_131807-625x833.jpg 625w, http:\/\/madeinzaragoza.es\/blog\/wp-content\/uploads\/2016\/04\/IMG_20160428_131807-300x400.jpg 300w, http:\/\/madeinzaragoza.es\/blog\/wp-content\/uploads\/2016\/04\/IMG_20160428_131807-180x240.jpg 180w, http:\/\/madeinzaragoza.es\/blog\/wp-content\/uploads\/2016\/04\/IMG_20160428_131807-350x466.jpg 350w, http:\/\/madeinzaragoza.es\/blog\/wp-content\/uploads\/2016\/04\/IMG_20160428_131807.jpg 960w\" sizes=\"(max-width: 545px) 85vw, 545px\" \/><figcaption id=\"caption-attachment-11370\" class=\"wp-caption-text\">Una de sus \u00faltimas obras escult\u00f3ricas<\/figcaption><\/figure>\n<p>Su obra es inmensa, me comentan que por aquella \u00e9poca todas las vidrieras que se realizaban en la ciudad part\u00edan de este taller, las iglesias de la Seo o el Pilar \u00a0ya mencionadas \u00a0se unen al antiguo Casino Mercantil hoy sede de Bantierra, y el edificio de Correos, en Arag\u00f3n han trabajado tambi\u00e9n en Huesca, Sabi\u00f1\u00e1nigo, Salllent, Alca\u00f1iz y Calanda. Fuera de la comunidad en Logro\u00f1o, Valencia, Madrid, y Soria entre otras, y m\u00e1s all\u00e1 de nuestras fronteras en Roma, Filipinas, Nicaragua y Puerto Rico, toda una expansi\u00f3n comercial que incluye adem\u00e1s retablos y esculturas.<\/p>\n<p>El oficio ha perdurado en la familia afortunadamente, hoy en d\u00eda Antonio hijo me muestra como trabajan desde un boceto las vidrieras, me habla que traen el cristal ya tratado desde muy lejos, y que ellos lo adaptan a la ventana para luego fusionarlo con el plomo que sostiene los peque\u00f1os cristales, dando forma a dibujos figurativos o abstractos. \u00a0Mientras me cuenta todo esto me fijo en una de las esculturas que tiene en la entrada de la tienda,\u00a0me dice que fue una de las \u00faltimas \u00a0que realiz\u00f3 su familia, y luego mi vista se detiene en unas mariposas de cristal que cuelgan en la pared, una idea que parti\u00f3 de una de sus hijas que al parecer tiene mucho \u00e9xito. De repente todo encaja en mi cabeza, abandono el lugar con la sensaci\u00f3n de que el trabajo de generaciones esta bien custodiado y debe seguir su curso de forma natural. Desaparezco por la calles de una barrio \u00a0de Zaragoza y sigo pensando que en cualquier esquina\u00a0volver\u00e9 a descubrir los secretos de los peque\u00f1os comercios que inundan la ciudad.<\/p>\n<p>Si quer\u00e9is conocer m\u00e1s pod\u00e9is pasar por le local de la calle Toledo 7, o consultar la web <a href=\"http:\/\/cristacolor.com\">cristacolor.com<\/a><\/p>\n<figure id=\"attachment_11372\" aria-describedby=\"caption-attachment-11372\" style=\"width: 648px\" class=\"wp-caption aligncenter\"><img loading=\"lazy\" decoding=\"async\" class=\"wp-image-11372 \" src=\"http:\/\/madeinzaragoza.es\/blog\/wp-content\/uploads\/2016\/04\/IMG_20160428_131848-768x1024.jpg\" alt=\"El legado de las vidrieras mantiene la tradici\u00f3n familiar de la mano de Antonio Navarro\" width=\"648\" height=\"864\" srcset=\"http:\/\/madeinzaragoza.es\/blog\/wp-content\/uploads\/2016\/04\/IMG_20160428_131848-768x1024.jpg 768w, http:\/\/madeinzaragoza.es\/blog\/wp-content\/uploads\/2016\/04\/IMG_20160428_131848-225x300.jpg 225w, http:\/\/madeinzaragoza.es\/blog\/wp-content\/uploads\/2016\/04\/IMG_20160428_131848-625x833.jpg 625w, http:\/\/madeinzaragoza.es\/blog\/wp-content\/uploads\/2016\/04\/IMG_20160428_131848-300x400.jpg 300w, http:\/\/madeinzaragoza.es\/blog\/wp-content\/uploads\/2016\/04\/IMG_20160428_131848-180x240.jpg 180w, http:\/\/madeinzaragoza.es\/blog\/wp-content\/uploads\/2016\/04\/IMG_20160428_131848-350x466.jpg 350w, http:\/\/madeinzaragoza.es\/blog\/wp-content\/uploads\/2016\/04\/IMG_20160428_131848.jpg 960w\" sizes=\"(max-width: 709px) 85vw, (max-width: 909px) 67vw, (max-width: 984px) 61vw, (max-width: 1362px) 45vw, 600px\" \/><figcaption id=\"caption-attachment-11372\" class=\"wp-caption-text\">El legado de las vidrieras mantiene la tradici\u00f3n familiar de la mano de Antonio Navarro<\/figcaption><\/figure>\n","protected":false},"excerpt":{"rendered":"<p>Cuando uno se topa con tiendas con encanto merece la pena pararse y disfrutar de su escaparate. recisamente fue esto lo que me ocurri\u00f3 paseando por la inmediaciones de mi casa en una calle secundar\u00eda, donde nadie pensar\u00eda que en el interior de un local se trabajan las mejores vidrieras de la ciudad. Frente a &hellip; <a href=\"http:\/\/madeinzaragoza.es\/blog\/el-arte-de-las-vidrieras\/\" class=\"more-link\">Continuar leyendo<span class=\"screen-reader-text\"> \u00abEl arte de las vidrieras\u00bb<\/span><\/a><\/p>\n","protected":false},"author":32,"featured_media":11372,"comment_status":"open","ping_status":"open","sticky":false,"template":"","format":"standard","meta":{"footnotes":""},"categories":[829],"tags":[26],"yoast_head":"<!-- This site is optimized with the Yoast SEO plugin v19.7.2 - https:\/\/yoast.com\/wordpress\/plugins\/seo\/ -->\n<title>El arte de las vidrieras - Made in Zaragoza<\/title>\n<meta name=\"robots\" content=\"index, follow, max-snippet:-1, max-image-preview:large, max-video-preview:-1\" \/>\n<link rel=\"canonical\" href=\"https:\/\/madeinzaragoza.es\/blog\/el-arte-de-las-vidrieras\/\" \/>\n<meta property=\"og:locale\" content=\"es_ES\" \/>\n<meta property=\"og:type\" content=\"article\" \/>\n<meta property=\"og:title\" content=\"El arte de las vidrieras - Made in Zaragoza\" \/>\n<meta property=\"og:description\" content=\"Cuando uno se topa con tiendas con encanto merece la pena pararse y disfrutar de su escaparate. recisamente fue esto lo que me ocurri\u00f3 paseando por la inmediaciones de mi casa en una calle secundar\u00eda, donde nadie pensar\u00eda que en el interior de un local se trabajan las mejores vidrieras de la ciudad. Frente a &hellip; Continuar leyendo &quot;El arte de las vidrieras&quot;\" \/>\n<meta property=\"og:url\" content=\"https:\/\/madeinzaragoza.es\/blog\/el-arte-de-las-vidrieras\/\" \/>\n<meta property=\"og:site_name\" content=\"Made in Zaragoza\" \/>\n<meta property=\"article:publisher\" content=\"https:\/\/www.facebook.com\/madeinzaragoza.es\/\" \/>\n<meta property=\"article:published_time\" content=\"2016-04-29T16:35:59+00:00\" \/>\n<meta property=\"article:modified_time\" content=\"2016-05-02T18:48:45+00:00\" \/>\n<meta property=\"og:image\" content=\"https:\/\/madeinzaragoza.es\/blog\/wp-content\/uploads\/2016\/04\/IMG_20160428_131848.jpg\" \/>\n\t<meta property=\"og:image:width\" content=\"960\" \/>\n\t<meta property=\"og:image:height\" content=\"1280\" \/>\n\t<meta property=\"og:image:type\" content=\"image\/jpeg\" \/>\n<meta name=\"author\" content=\"Lorenzo J.\" \/>\n<meta name=\"twitter:card\" content=\"summary\" \/>\n<meta name=\"twitter:creator\" content=\"@madeinzaragoza\" \/>\n<meta name=\"twitter:site\" content=\"@madeinzaragoza\" \/>\n<meta name=\"twitter:label1\" content=\"Escrito por\" \/>\n\t<meta name=\"twitter:data1\" content=\"Lorenzo J.\" \/>\n\t<meta name=\"twitter:label2\" content=\"Tiempo de lectura\" \/>\n\t<meta name=\"twitter:data2\" content=\"4 minutos\" \/>\n<script type=\"application\/ld+json\" class=\"yoast-schema-graph\">{\"@context\":\"https:\/\/schema.org\",\"@graph\":[{\"@type\":\"Article\",\"@id\":\"https:\/\/madeinzaragoza.es\/blog\/el-arte-de-las-vidrieras\/#article\",\"isPartOf\":{\"@id\":\"https:\/\/madeinzaragoza.es\/blog\/el-arte-de-las-vidrieras\/\"},\"author\":{\"name\":\"Lorenzo J.\",\"@id\":\"https:\/\/madeinzaragoza.es\/blog\/#\/schema\/person\/46c2a0e18c2ef6f00133bed3b3a7faaf\"},\"headline\":\"El arte de las vidrieras\",\"datePublished\":\"2016-04-29T16:35:59+00:00\",\"dateModified\":\"2016-05-02T18:48:45+00:00\",\"mainEntityOfPage\":{\"@id\":\"https:\/\/madeinzaragoza.es\/blog\/el-arte-de-las-vidrieras\/\"},\"wordCount\":831,\"commentCount\":0,\"publisher\":{\"@id\":\"https:\/\/madeinzaragoza.es\/blog\/#organization\"},\"keywords\":[\"Artesanos\"],\"articleSection\":[\"Cultura\"],\"inLanguage\":\"es\",\"potentialAction\":[{\"@type\":\"CommentAction\",\"name\":\"Comment\",\"target\":[\"https:\/\/madeinzaragoza.es\/blog\/el-arte-de-las-vidrieras\/#respond\"]}]},{\"@type\":\"WebPage\",\"@id\":\"https:\/\/madeinzaragoza.es\/blog\/el-arte-de-las-vidrieras\/\",\"url\":\"https:\/\/madeinzaragoza.es\/blog\/el-arte-de-las-vidrieras\/\",\"name\":\"El arte de las vidrieras - Made in Zaragoza\",\"isPartOf\":{\"@id\":\"https:\/\/madeinzaragoza.es\/blog\/#website\"},\"datePublished\":\"2016-04-29T16:35:59+00:00\",\"dateModified\":\"2016-05-02T18:48:45+00:00\",\"breadcrumb\":{\"@id\":\"https:\/\/madeinzaragoza.es\/blog\/el-arte-de-las-vidrieras\/#breadcrumb\"},\"inLanguage\":\"es\",\"potentialAction\":[{\"@type\":\"ReadAction\",\"target\":[\"https:\/\/madeinzaragoza.es\/blog\/el-arte-de-las-vidrieras\/\"]}]},{\"@type\":\"BreadcrumbList\",\"@id\":\"https:\/\/madeinzaragoza.es\/blog\/el-arte-de-las-vidrieras\/#breadcrumb\",\"itemListElement\":[{\"@type\":\"ListItem\",\"position\":1,\"name\":\"Portada\",\"item\":\"https:\/\/madeinzaragoza.es\/blog\/\"},{\"@type\":\"ListItem\",\"position\":2,\"name\":\"El arte de las vidrieras\"}]},{\"@type\":\"WebSite\",\"@id\":\"https:\/\/madeinzaragoza.es\/blog\/#website\",\"url\":\"https:\/\/madeinzaragoza.es\/blog\/\",\"name\":\"Made in Zaragoza\",\"description\":\"Blog de MadeinZGZ, Red de Econom\u00eda Creativa de Zaragoza\",\"publisher\":{\"@id\":\"https:\/\/madeinzaragoza.es\/blog\/#organization\"},\"potentialAction\":[{\"@type\":\"SearchAction\",\"target\":{\"@type\":\"EntryPoint\",\"urlTemplate\":\"https:\/\/madeinzaragoza.es\/blog\/?s={search_term_string}\"},\"query-input\":\"required name=search_term_string\"}],\"inLanguage\":\"es\"},{\"@type\":\"Organization\",\"@id\":\"https:\/\/madeinzaragoza.es\/blog\/#organization\",\"name\":\"Made In Zaragoza\",\"url\":\"https:\/\/madeinzaragoza.es\/blog\/\",\"sameAs\":[\"https:\/\/www.instagram.com\/madeinzaragoza.es\/\",\"https:\/\/www.facebook.com\/madeinzaragoza.es\/\",\"https:\/\/twitter.com\/madeinzaragoza\"],\"logo\":{\"@type\":\"ImageObject\",\"inLanguage\":\"es\",\"@id\":\"https:\/\/madeinzaragoza.es\/blog\/#\/schema\/logo\/image\/\",\"url\":\"https:\/\/madeinzaragoza.es\/blog\/wp-content\/uploads\/2022\/05\/logo.png\",\"contentUrl\":\"https:\/\/madeinzaragoza.es\/blog\/wp-content\/uploads\/2022\/05\/logo.png\",\"width\":193,\"height\":176,\"caption\":\"Made In Zaragoza\"},\"image\":{\"@id\":\"https:\/\/madeinzaragoza.es\/blog\/#\/schema\/logo\/image\/\"}},{\"@type\":\"Person\",\"@id\":\"https:\/\/madeinzaragoza.es\/blog\/#\/schema\/person\/46c2a0e18c2ef6f00133bed3b3a7faaf\",\"name\":\"Lorenzo J.\",\"image\":{\"@type\":\"ImageObject\",\"inLanguage\":\"es\",\"@id\":\"https:\/\/madeinzaragoza.es\/blog\/#\/schema\/person\/image\/\",\"url\":\"http:\/\/0.gravatar.com\/avatar\/9de514369ba242d650005cf54a2f5114?s=96&d=mm&r=g\",\"contentUrl\":\"http:\/\/0.gravatar.com\/avatar\/9de514369ba242d650005cf54a2f5114?s=96&d=mm&r=g\",\"caption\":\"Lorenzo J.\"},\"description\":\"Responsable de Zaragusta, emprendedor e historiador del Arte interesado en descubrir los rincones mas interesantes de mi ciudad.\",\"sameAs\":[\"http:\/\/zaragusta.com\"],\"url\":\"http:\/\/madeinzaragoza.es\/blog\/author\/lorenzo-ibanez\/\"}]}<\/script>\n<!-- \/ Yoast SEO plugin. -->","yoast_head_json":{"title":"El arte de las vidrieras - Made in Zaragoza","robots":{"index":"index","follow":"follow","max-snippet":"max-snippet:-1","max-image-preview":"max-image-preview:large","max-video-preview":"max-video-preview:-1"},"canonical":"https:\/\/madeinzaragoza.es\/blog\/el-arte-de-las-vidrieras\/","og_locale":"es_ES","og_type":"article","og_title":"El arte de las vidrieras - Made in Zaragoza","og_description":"Cuando uno se topa con tiendas con encanto merece la pena pararse y disfrutar de su escaparate. recisamente fue esto lo que me ocurri\u00f3 paseando por la inmediaciones de mi casa en una calle secundar\u00eda, donde nadie pensar\u00eda que en el interior de un local se trabajan las mejores vidrieras de la ciudad. Frente a &hellip; Continuar leyendo \"El arte de las vidrieras\"","og_url":"https:\/\/madeinzaragoza.es\/blog\/el-arte-de-las-vidrieras\/","og_site_name":"Made in Zaragoza","article_publisher":"https:\/\/www.facebook.com\/madeinzaragoza.es\/","article_published_time":"2016-04-29T16:35:59+00:00","article_modified_time":"2016-05-02T18:48:45+00:00","og_image":[{"width":960,"height":1280,"url":"https:\/\/madeinzaragoza.es\/blog\/wp-content\/uploads\/2016\/04\/IMG_20160428_131848.jpg","type":"image\/jpeg"}],"author":"Lorenzo J.","twitter_card":"summary","twitter_creator":"@madeinzaragoza","twitter_site":"@madeinzaragoza","twitter_misc":{"Escrito por":"Lorenzo J.","Tiempo de lectura":"4 minutos"},"schema":{"@context":"https:\/\/schema.org","@graph":[{"@type":"Article","@id":"https:\/\/madeinzaragoza.es\/blog\/el-arte-de-las-vidrieras\/#article","isPartOf":{"@id":"https:\/\/madeinzaragoza.es\/blog\/el-arte-de-las-vidrieras\/"},"author":{"name":"Lorenzo J.","@id":"https:\/\/madeinzaragoza.es\/blog\/#\/schema\/person\/46c2a0e18c2ef6f00133bed3b3a7faaf"},"headline":"El arte de las vidrieras","datePublished":"2016-04-29T16:35:59+00:00","dateModified":"2016-05-02T18:48:45+00:00","mainEntityOfPage":{"@id":"https:\/\/madeinzaragoza.es\/blog\/el-arte-de-las-vidrieras\/"},"wordCount":831,"commentCount":0,"publisher":{"@id":"https:\/\/madeinzaragoza.es\/blog\/#organization"},"keywords":["Artesanos"],"articleSection":["Cultura"],"inLanguage":"es","potentialAction":[{"@type":"CommentAction","name":"Comment","target":["https:\/\/madeinzaragoza.es\/blog\/el-arte-de-las-vidrieras\/#respond"]}]},{"@type":"WebPage","@id":"https:\/\/madeinzaragoza.es\/blog\/el-arte-de-las-vidrieras\/","url":"https:\/\/madeinzaragoza.es\/blog\/el-arte-de-las-vidrieras\/","name":"El arte de las vidrieras - Made in Zaragoza","isPartOf":{"@id":"https:\/\/madeinzaragoza.es\/blog\/#website"},"datePublished":"2016-04-29T16:35:59+00:00","dateModified":"2016-05-02T18:48:45+00:00","breadcrumb":{"@id":"https:\/\/madeinzaragoza.es\/blog\/el-arte-de-las-vidrieras\/#breadcrumb"},"inLanguage":"es","potentialAction":[{"@type":"ReadAction","target":["https:\/\/madeinzaragoza.es\/blog\/el-arte-de-las-vidrieras\/"]}]},{"@type":"BreadcrumbList","@id":"https:\/\/madeinzaragoza.es\/blog\/el-arte-de-las-vidrieras\/#breadcrumb","itemListElement":[{"@type":"ListItem","position":1,"name":"Portada","item":"https:\/\/madeinzaragoza.es\/blog\/"},{"@type":"ListItem","position":2,"name":"El arte de las vidrieras"}]},{"@type":"WebSite","@id":"https:\/\/madeinzaragoza.es\/blog\/#website","url":"https:\/\/madeinzaragoza.es\/blog\/","name":"Made in Zaragoza","description":"Blog de MadeinZGZ, Red de Econom\u00eda Creativa de Zaragoza","publisher":{"@id":"https:\/\/madeinzaragoza.es\/blog\/#organization"},"potentialAction":[{"@type":"SearchAction","target":{"@type":"EntryPoint","urlTemplate":"https:\/\/madeinzaragoza.es\/blog\/?s={search_term_string}"},"query-input":"required name=search_term_string"}],"inLanguage":"es"},{"@type":"Organization","@id":"https:\/\/madeinzaragoza.es\/blog\/#organization","name":"Made In Zaragoza","url":"https:\/\/madeinzaragoza.es\/blog\/","sameAs":["https:\/\/www.instagram.com\/madeinzaragoza.es\/","https:\/\/www.facebook.com\/madeinzaragoza.es\/","https:\/\/twitter.com\/madeinzaragoza"],"logo":{"@type":"ImageObject","inLanguage":"es","@id":"https:\/\/madeinzaragoza.es\/blog\/#\/schema\/logo\/image\/","url":"https:\/\/madeinzaragoza.es\/blog\/wp-content\/uploads\/2022\/05\/logo.png","contentUrl":"https:\/\/madeinzaragoza.es\/blog\/wp-content\/uploads\/2022\/05\/logo.png","width":193,"height":176,"caption":"Made In Zaragoza"},"image":{"@id":"https:\/\/madeinzaragoza.es\/blog\/#\/schema\/logo\/image\/"}},{"@type":"Person","@id":"https:\/\/madeinzaragoza.es\/blog\/#\/schema\/person\/46c2a0e18c2ef6f00133bed3b3a7faaf","name":"Lorenzo J.","image":{"@type":"ImageObject","inLanguage":"es","@id":"https:\/\/madeinzaragoza.es\/blog\/#\/schema\/person\/image\/","url":"http:\/\/0.gravatar.com\/avatar\/9de514369ba242d650005cf54a2f5114?s=96&d=mm&r=g","contentUrl":"http:\/\/0.gravatar.com\/avatar\/9de514369ba242d650005cf54a2f5114?s=96&d=mm&r=g","caption":"Lorenzo J."},"description":"Responsable de Zaragusta, emprendedor e historiador del Arte interesado en descubrir los rincones mas interesantes de mi ciudad.","sameAs":["http:\/\/zaragusta.com"],"url":"http:\/\/madeinzaragoza.es\/blog\/author\/lorenzo-ibanez\/"}]}},"_links":{"self":[{"href":"http:\/\/madeinzaragoza.es\/blog\/wp-json\/wp\/v2\/posts\/11368"}],"collection":[{"href":"http:\/\/madeinzaragoza.es\/blog\/wp-json\/wp\/v2\/posts"}],"about":[{"href":"http:\/\/madeinzaragoza.es\/blog\/wp-json\/wp\/v2\/types\/post"}],"author":[{"embeddable":true,"href":"http:\/\/madeinzaragoza.es\/blog\/wp-json\/wp\/v2\/users\/32"}],"replies":[{"embeddable":true,"href":"http:\/\/madeinzaragoza.es\/blog\/wp-json\/wp\/v2\/comments?post=11368"}],"version-history":[{"count":11,"href":"http:\/\/madeinzaragoza.es\/blog\/wp-json\/wp\/v2\/posts\/11368\/revisions"}],"predecessor-version":[{"id":11407,"href":"http:\/\/madeinzaragoza.es\/blog\/wp-json\/wp\/v2\/posts\/11368\/revisions\/11407"}],"wp:featuredmedia":[{"embeddable":true,"href":"http:\/\/madeinzaragoza.es\/blog\/wp-json\/wp\/v2\/media\/11372"}],"wp:attachment":[{"href":"http:\/\/madeinzaragoza.es\/blog\/wp-json\/wp\/v2\/media?parent=11368"}],"wp:term":[{"taxonomy":"category","embeddable":true,"href":"http:\/\/madeinzaragoza.es\/blog\/wp-json\/wp\/v2\/categories?post=11368"},{"taxonomy":"post_tag","embeddable":true,"href":"http:\/\/madeinzaragoza.es\/blog\/wp-json\/wp\/v2\/tags?post=11368"}],"curies":[{"name":"wp","href":"https:\/\/api.w.org\/{rel}","templated":true}]}}