{"id":11295,"date":"2016-04-21T12:55:11","date_gmt":"2016-04-21T11:55:11","guid":{"rendered":"http:\/\/madeinzaragoza.es\/blog\/?p=11295"},"modified":"2016-04-23T09:31:30","modified_gmt":"2016-04-23T08:31:30","slug":"hashtag-venus","status":"publish","type":"post","link":"http:\/\/madeinzaragoza.es\/blog\/hashtag-venus\/","title":{"rendered":"&#8216;Hashtag Venus&#8217; de Miguel Frago"},"content":{"rendered":"<h3><strong>Objeto de Deseo II: <em>Hashtag Venus<\/em>, de Miguel Frago.<\/strong><\/h3>\n<p style=\"text-align: justify;\">La segunda intervenci\u00f3n del ciclo \u00ab<a href=\"http:\/\/madeinzaragoza.es\/blog\/corner-miz-objeto-de-deseo\/\" target=\"_blank\"><strong>Objeto de deseo<\/strong><\/a>\u00ab, en <strong>C\u00f3rner MIZ<\/strong> (proyecto con el que analizamos el retorno a lo tradicional y la coexistencia de lo digital y lo anal\u00f3gico) ha sido realizada por <strong>Miguel Frago<\/strong>. Bajo el t\u00edtulo \u00ab<em><strong>Hashtag Venus<\/strong><\/em>\u00bb Miguel ha combinado una serie de s\u00edmbolos en una intervenci\u00f3n art\u00edstica de un gran valor pl\u00e1stico y est\u00e9tico. Para la elecci\u00f3n de s\u00edmbolos, Miguel ha buscado en los dos polos de la civilizaci\u00f3n occidental: en la antig\u00fcedad cl\u00e1sica y en la actualidad digital m\u00e1s inmediata.<\/p>\n<p style=\"text-align: justify;\">De la \u00e9poca cl\u00e1sica, el artista ha seleccionado la <em><strong>Venus de Milo<\/strong><\/em>, canon y s\u00edmbolo del ideal de belleza cl\u00e1sica que ha perdurado hasta nuestros d\u00edas. La &#8216;Venus de Milo&#8217; es una de las esculturas m\u00e1s famosas de todos los tiempos y ha trascendido al conocimiento colectivo; esta obra fue esculpida en m\u00e1rmol hacia el 130 a. C. durante el per\u00edodo helen\u00edstico y representa a <strong>Afrodita<\/strong>, Diosa del Amor y la Belleza. En la actualidad, Miguel ha encontrado un car\u00e1cter digital como elemento que simboliza lo tecnol\u00f3gico y, a priori, totalmente opuesto a lo cl\u00e1sico: el <strong><em>hashtag<\/em> <\/strong>&#8216;<strong>#<\/strong>&#8216;. La palabra &#8216;hashtag&#8217; proviene de la uni\u00f3n de las palabras inglesas &#8216;hash&#8217; (almohadilla) y &#8216;tag&#8217; (etiqueta) y se utiliza en la era digital para etiquetar conceptos o palabras precedidas de la almohadilla con el fin de identificar de forma sencilla tales conceptos. El origen de su uso actual lo encontramos en Twitter cuando en 2007 se comenz\u00f3 a utilizar como etiqueta de metadatos, poco a poco su uso se extendi\u00f3 a nivel mundial, tanto que en 2012 fue declarada como la palabra m\u00e1s popular por la Sociedad Americana del Dialecto.<\/p>\n<figure id=\"attachment_11299\" aria-describedby=\"caption-attachment-11299\" style=\"width: 625px\" class=\"wp-caption aligncenter\"><a href=\"http:\/\/madeinzaragoza.es\/blog\/wp-content\/uploads\/2016\/04\/hashtagVenus.jpg\"><img loading=\"lazy\" decoding=\"async\" class=\"wp-image-11299 size-full\" src=\"http:\/\/madeinzaragoza.es\/blog\/wp-content\/uploads\/2016\/04\/hashtagVenus.jpg\" alt=\"hashtagVenus\" width=\"625\" height=\"423\" srcset=\"http:\/\/madeinzaragoza.es\/blog\/wp-content\/uploads\/2016\/04\/hashtagVenus.jpg 625w, http:\/\/madeinzaragoza.es\/blog\/wp-content\/uploads\/2016\/04\/hashtagVenus-300x203.jpg 300w, http:\/\/madeinzaragoza.es\/blog\/wp-content\/uploads\/2016\/04\/hashtagVenus-163x109.jpg 163w, http:\/\/madeinzaragoza.es\/blog\/wp-content\/uploads\/2016\/04\/hashtagVenus-105x70.jpg 105w, http:\/\/madeinzaragoza.es\/blog\/wp-content\/uploads\/2016\/04\/hashtagVenus-180x121.jpg 180w, http:\/\/madeinzaragoza.es\/blog\/wp-content\/uploads\/2016\/04\/hashtagVenus-350x236.jpg 350w\" sizes=\"(max-width: 709px) 85vw, (max-width: 909px) 67vw, (max-width: 984px) 61vw, (max-width: 1362px) 45vw, 600px\" \/><\/a><figcaption id=\"caption-attachment-11299\" class=\"wp-caption-text\">Hashtag Venus, de Miguel Frago<\/figcaption><\/figure>\n<p style=\"text-align: justify;\">Una vez elegidos los dos s\u00edmbolos, Miguel Frago los ha unido en una intervenci\u00f3n espacial compuesta por dos obras diferenciadas. La primera de ellas es una pieza textil de color rojo, un <em><strong>repostero.<\/strong><\/em> El repostero es un pa\u00f1o generalmente elaborado sobre fieltro o terciopelo de car\u00e1cter similar al tapiz, con forma cuadrangular o rectangular,\u00a0 que suele contener habitualmente motivos y emblemas her\u00e1ldicos bordados con hilos preciosos. Un repostero es un s\u00edmbolo de distinci\u00f3n y de ostentaci\u00f3n del linaje familiar. Sobre este elemento textil de tradici\u00f3n medieval, Miguel ha dispuesto la Venus de Milo y el hashtag, elementos, a priori, totalmente opuestos en el tiempo, uni\u00e9ndolos en una imagen \u00fanica. La venus original es una obra esculpida en piedra pero Miguel Frago la ha representado a partir de una <strong>matriz digital de car\u00e1cter circular impresa<\/strong> en color negro sobre el repostero rojo, sobre ella aparece la palabra \u00ab<em>hashtag<\/em>\u00bb <strong>bordada en hilo dorado<\/strong> de forma manual y minuciosa. De este modo, produce cada uno de los s\u00edmbolo de forma opuesta a lo que indica su l\u00f3gica normal, casi como un anacronismo; la venus de piedra est\u00e1 digitalizada y el hashtag digital est\u00e1 materializado de forma f\u00edsica y bordado a mano.<\/p>\n<p style=\"text-align: justify;\">El resultado es una maravilla de obra de car\u00e1cter pict\u00f3rico y escult\u00f3rico de gran presencia espacial y un gran valor est\u00e9tico y art\u00edstico.<\/p>\n<p style=\"text-align: justify;\"><a href=\"http:\/\/madeinzaragoza.es\/blog\/wp-content\/uploads\/2016\/04\/esculturadigital.jpg\"><img loading=\"lazy\" decoding=\"async\" class=\"aligncenter size-full wp-image-11298\" src=\"http:\/\/madeinzaragoza.es\/blog\/wp-content\/uploads\/2016\/04\/esculturadigital.jpg\" alt=\"esculturadigital\" width=\"625\" height=\"235\" srcset=\"http:\/\/madeinzaragoza.es\/blog\/wp-content\/uploads\/2016\/04\/esculturadigital.jpg 625w, http:\/\/madeinzaragoza.es\/blog\/wp-content\/uploads\/2016\/04\/esculturadigital-300x112.jpg 300w, http:\/\/madeinzaragoza.es\/blog\/wp-content\/uploads\/2016\/04\/esculturadigital-180x67.jpg 180w, http:\/\/madeinzaragoza.es\/blog\/wp-content\/uploads\/2016\/04\/esculturadigital-350x131.jpg 350w\" sizes=\"(max-width: 709px) 85vw, (max-width: 909px) 67vw, (max-width: 984px) 61vw, (max-width: 1362px) 45vw, 600px\" \/><\/a><\/p>\n<p style=\"text-align: justify;\">La segunda parte de la instalaci\u00f3n est\u00e1 compuesta por una pieza de car\u00e1cter interactivo en el que el espectador puede participar y formar parte de la obra. En un panel, Miguel ha descompuesto en una cuadr\u00edcula la escultura cl\u00e1sica de Venus y nos da las instrucciones de uso: fotografiar en un orden establecido las nueve partes en que ha descompuesto la obra y publicarlas en Instagram etiquetadas con <em><strong>#venus<\/strong><\/em> para volver a recomponer y esculpir digitalmente el s\u00edmbolo cl\u00e1sico. Esta recomposici\u00f3n digital realizada en Instagram aparece <strong>en tiempo real<\/strong> en una pantalla que est\u00e1 expuesta, donde se va mostrando todo el proceso de esculpido digital que el espectador est\u00e1 realizando. Pero en la pantalla aparecen todas las im\u00e1genes etiquetadas con <em><strong>#venus<\/strong><\/em> a nivel mundial por lo que en el proceso de recoposici\u00f3n pueden aparecer -de forma inesperada- otras im\u00e1genes publicadas en ese instante en cualquier parte del mundo y que pasan a formar parte de una venus h\u00edbrida compuesta por diferentes im\u00e1genes.<\/p>\n<p style=\"text-align: justify;\">Con la presentaci\u00f3n en pantalla frente a nosotros de las fotos etiquetadas con <strong><em>#venus<\/em><\/strong>, Miguel Frago quiere analizar tambi\u00e9n los m\u00faltiples usos y significados que puede tener la palabra venus: de la referencia de belleza femenina, al planeta del sistema solar, pasando por objetos, animales o cualquiera otra cosa pr\u00f3xima al concepto susceptible de ser etiquetada.<\/p>\n<p><a href=\"http:\/\/madeinzaragoza.es\/blog\/wp-content\/uploads\/2016\/04\/DSC_0116.jpg\"><img loading=\"lazy\" decoding=\"async\" class=\"aligncenter size-full wp-image-11297\" src=\"http:\/\/madeinzaragoza.es\/blog\/wp-content\/uploads\/2016\/04\/DSC_0116.jpg\" alt=\"DSC_0116\" width=\"625\" height=\"378\" srcset=\"http:\/\/madeinzaragoza.es\/blog\/wp-content\/uploads\/2016\/04\/DSC_0116.jpg 625w, http:\/\/madeinzaragoza.es\/blog\/wp-content\/uploads\/2016\/04\/DSC_0116-300x181.jpg 300w, http:\/\/madeinzaragoza.es\/blog\/wp-content\/uploads\/2016\/04\/DSC_0116-180x108.jpg 180w, http:\/\/madeinzaragoza.es\/blog\/wp-content\/uploads\/2016\/04\/DSC_0116-350x211.jpg 350w\" sizes=\"(max-width: 709px) 85vw, (max-width: 909px) 67vw, (max-width: 984px) 61vw, (max-width: 1362px) 45vw, 600px\" \/><\/a><\/p>\n<p>La \u00ab<strong><em>Venus del Hashtag<\/em><\/strong>\u00bb\u00a0 de Miguel Frago te espera en C\u00f3rner MIZ (f\u00edsico y digital) para que puedas interaccionar con ella y esculpirla de forma digital dejando tu huella en forma de # en esta maravillosa instalaci\u00f3n que permanecer\u00e1 en aqu\u00ed hasta\u00a0 el d\u00eda 20 de mayo.<\/p>\n<p>&nbsp;<\/p>\n","protected":false},"excerpt":{"rendered":"<p>Objeto de Deseo II: Hashtag Venus, de Miguel Frago. La segunda intervenci\u00f3n del ciclo \u00abObjeto de deseo\u00ab, en C\u00f3rner MIZ (proyecto con el que analizamos el retorno a lo tradicional y la coexistencia de lo digital y lo anal\u00f3gico) ha sido realizada por Miguel Frago. Bajo el t\u00edtulo \u00abHashtag Venus\u00bb Miguel ha combinado una serie &hellip; <a href=\"http:\/\/madeinzaragoza.es\/blog\/hashtag-venus\/\" class=\"more-link\">Continuar leyendo<span class=\"screen-reader-text\"> \u00ab&#8216;Hashtag Venus&#8217; de Miguel Frago\u00bb<\/span><\/a><\/p>\n","protected":false},"author":36,"featured_media":11300,"comment_status":"open","ping_status":"open","sticky":false,"template":"","format":"standard","meta":{"footnotes":""},"categories":[831,829],"tags":[27,834,955,1235,1028,1024],"yoast_head":"<!-- This site is optimized with the Yoast SEO plugin v19.7.2 - https:\/\/yoast.com\/wordpress\/plugins\/seo\/ -->\n<title>&#039;Hashtag Venus&#039; de Miguel Frago - Made in Zaragoza<\/title>\n<meta name=\"robots\" content=\"index, follow, max-snippet:-1, max-image-preview:large, max-video-preview:-1\" \/>\n<link rel=\"canonical\" href=\"http:\/\/madeinzaragoza.es\/blog\/hashtag-venus\/\" \/>\n<meta property=\"og:locale\" content=\"es_ES\" \/>\n<meta property=\"og:type\" content=\"article\" \/>\n<meta property=\"og:title\" content=\"&#039;Hashtag Venus&#039; de Miguel Frago - Made in Zaragoza\" \/>\n<meta property=\"og:description\" content=\"Objeto de Deseo II: Hashtag Venus, de Miguel Frago. La segunda intervenci\u00f3n del ciclo \u00abObjeto de deseo\u00ab, en C\u00f3rner MIZ (proyecto con el que analizamos el retorno a lo tradicional y la coexistencia de lo digital y lo anal\u00f3gico) ha sido realizada por Miguel Frago. Bajo el t\u00edtulo \u00abHashtag Venus\u00bb Miguel ha combinado una serie &hellip; Continuar leyendo &quot;&#8216;Hashtag Venus&#8217; de Miguel Frago&quot;\" \/>\n<meta property=\"og:url\" content=\"http:\/\/madeinzaragoza.es\/blog\/hashtag-venus\/\" \/>\n<meta property=\"og:site_name\" content=\"Made in Zaragoza\" \/>\n<meta property=\"article:publisher\" content=\"https:\/\/www.facebook.com\/madeinzaragoza.es\/\" \/>\n<meta property=\"article:author\" content=\"zarayorkers\" \/>\n<meta property=\"article:published_time\" content=\"2016-04-21T11:55:11+00:00\" \/>\n<meta property=\"article:modified_time\" content=\"2016-04-23T08:31:30+00:00\" \/>\n<meta property=\"og:image\" content=\"http:\/\/madeinzaragoza.es\/blog\/wp-content\/uploads\/2016\/04\/portada.jpg\" \/>\n\t<meta property=\"og:image:width\" content=\"650\" \/>\n\t<meta property=\"og:image:height\" content=\"279\" \/>\n\t<meta property=\"og:image:type\" content=\"image\/jpeg\" \/>\n<meta name=\"author\" content=\"Sergio Sevilla\" \/>\n<meta name=\"twitter:card\" content=\"summary\" \/>\n<meta name=\"twitter:creator\" content=\"@madeinzaragoza\" \/>\n<meta name=\"twitter:site\" content=\"@madeinzaragoza\" \/>\n<meta name=\"twitter:label1\" content=\"Escrito por\" \/>\n\t<meta name=\"twitter:data1\" content=\"Sergio Sevilla\" \/>\n\t<meta name=\"twitter:label2\" content=\"Tiempo de lectura\" \/>\n\t<meta name=\"twitter:data2\" content=\"4 minutos\" \/>\n<script type=\"application\/ld+json\" class=\"yoast-schema-graph\">{\"@context\":\"https:\/\/schema.org\",\"@graph\":[{\"@type\":\"Article\",\"@id\":\"http:\/\/madeinzaragoza.es\/blog\/hashtag-venus\/#article\",\"isPartOf\":{\"@id\":\"http:\/\/madeinzaragoza.es\/blog\/hashtag-venus\/\"},\"author\":{\"name\":\"Sergio Sevilla\",\"@id\":\"https:\/\/madeinzaragoza.es\/blog\/#\/schema\/person\/fd836a8fe1177b6200bc8deffc3ad342\"},\"headline\":\"&#8216;Hashtag Venus&#8217; de Miguel Frago\",\"datePublished\":\"2016-04-21T11:55:11+00:00\",\"dateModified\":\"2016-04-23T08:31:30+00:00\",\"mainEntityOfPage\":{\"@id\":\"http:\/\/madeinzaragoza.es\/blog\/hashtag-venus\/\"},\"wordCount\":850,\"commentCount\":0,\"publisher\":{\"@id\":\"https:\/\/madeinzaragoza.es\/blog\/#organization\"},\"keywords\":[\"Artistas de Zaragoza\",\"Corner MIZ\",\"instagram\",\"Miguel Frago\",\"Sergio Sevilla\",\"zarayorkers\"],\"articleSection\":[\"CornerMIZ\",\"Cultura\"],\"inLanguage\":\"es\",\"potentialAction\":[{\"@type\":\"CommentAction\",\"name\":\"Comment\",\"target\":[\"http:\/\/madeinzaragoza.es\/blog\/hashtag-venus\/#respond\"]}]},{\"@type\":\"WebPage\",\"@id\":\"http:\/\/madeinzaragoza.es\/blog\/hashtag-venus\/\",\"url\":\"http:\/\/madeinzaragoza.es\/blog\/hashtag-venus\/\",\"name\":\"'Hashtag Venus' de Miguel Frago - Made in Zaragoza\",\"isPartOf\":{\"@id\":\"https:\/\/madeinzaragoza.es\/blog\/#website\"},\"datePublished\":\"2016-04-21T11:55:11+00:00\",\"dateModified\":\"2016-04-23T08:31:30+00:00\",\"breadcrumb\":{\"@id\":\"http:\/\/madeinzaragoza.es\/blog\/hashtag-venus\/#breadcrumb\"},\"inLanguage\":\"es\",\"potentialAction\":[{\"@type\":\"ReadAction\",\"target\":[\"http:\/\/madeinzaragoza.es\/blog\/hashtag-venus\/\"]}]},{\"@type\":\"BreadcrumbList\",\"@id\":\"http:\/\/madeinzaragoza.es\/blog\/hashtag-venus\/#breadcrumb\",\"itemListElement\":[{\"@type\":\"ListItem\",\"position\":1,\"name\":\"Portada\",\"item\":\"https:\/\/madeinzaragoza.es\/blog\/\"},{\"@type\":\"ListItem\",\"position\":2,\"name\":\"&#8216;Hashtag Venus&#8217; de Miguel Frago\"}]},{\"@type\":\"WebSite\",\"@id\":\"https:\/\/madeinzaragoza.es\/blog\/#website\",\"url\":\"https:\/\/madeinzaragoza.es\/blog\/\",\"name\":\"Made in Zaragoza\",\"description\":\"Blog de MadeinZGZ, Red de Econom\u00eda Creativa de Zaragoza\",\"publisher\":{\"@id\":\"https:\/\/madeinzaragoza.es\/blog\/#organization\"},\"potentialAction\":[{\"@type\":\"SearchAction\",\"target\":{\"@type\":\"EntryPoint\",\"urlTemplate\":\"https:\/\/madeinzaragoza.es\/blog\/?s={search_term_string}\"},\"query-input\":\"required name=search_term_string\"}],\"inLanguage\":\"es\"},{\"@type\":\"Organization\",\"@id\":\"https:\/\/madeinzaragoza.es\/blog\/#organization\",\"name\":\"Made In Zaragoza\",\"url\":\"https:\/\/madeinzaragoza.es\/blog\/\",\"sameAs\":[\"https:\/\/www.instagram.com\/madeinzaragoza.es\/\",\"https:\/\/www.facebook.com\/madeinzaragoza.es\/\",\"https:\/\/twitter.com\/madeinzaragoza\"],\"logo\":{\"@type\":\"ImageObject\",\"inLanguage\":\"es\",\"@id\":\"https:\/\/madeinzaragoza.es\/blog\/#\/schema\/logo\/image\/\",\"url\":\"https:\/\/madeinzaragoza.es\/blog\/wp-content\/uploads\/2022\/05\/logo.png\",\"contentUrl\":\"https:\/\/madeinzaragoza.es\/blog\/wp-content\/uploads\/2022\/05\/logo.png\",\"width\":193,\"height\":176,\"caption\":\"Made In Zaragoza\"},\"image\":{\"@id\":\"https:\/\/madeinzaragoza.es\/blog\/#\/schema\/logo\/image\/\"}},{\"@type\":\"Person\",\"@id\":\"https:\/\/madeinzaragoza.es\/blog\/#\/schema\/person\/fd836a8fe1177b6200bc8deffc3ad342\",\"name\":\"Sergio Sevilla\",\"image\":{\"@type\":\"ImageObject\",\"inLanguage\":\"es\",\"@id\":\"https:\/\/madeinzaragoza.es\/blog\/#\/schema\/person\/image\/\",\"url\":\"http:\/\/1.gravatar.com\/avatar\/4a59e3901b7e749c4e3750c4fd5d0b43?s=96&d=mm&r=g\",\"contentUrl\":\"http:\/\/1.gravatar.com\/avatar\/4a59e3901b7e749c4e3750c4fd5d0b43?s=96&d=mm&r=g\",\"caption\":\"Sergio Sevilla\"},\"description\":\"Gesti\u00f3n e Innovaci\u00f3n cultural (I+C) Mi trabajo se basa en la b\u00fasqueda de conexiones culturales en espacios de tr\u00e1nsito. Soy director y programador de proyectos culturales. He coordinado el espacio C\u00f3rner MIZ de Made in Zaragoza y, en la actualidad, me dedico a investigar, documentar y poner en valor el muralismo cer\u00e1mico de los a\u00f1os 60, 70 y 80 de Zaragoza y su relaci\u00f3n con los entornos arquitect\u00f3nicos y decorativos de la \u00e9poca. Descubre el perfil de @ZaragozaModerna en Instagram. Take a walk on the Art side.\",\"sameAs\":[\"zarayorkers\",\"@zaragozamoderna\",\"\/sergiosevillatabernero\"],\"url\":\"http:\/\/madeinzaragoza.es\/blog\/author\/sergiosevilla\/\"}]}<\/script>\n<!-- \/ Yoast SEO plugin. -->","yoast_head_json":{"title":"'Hashtag Venus' de Miguel Frago - Made in Zaragoza","robots":{"index":"index","follow":"follow","max-snippet":"max-snippet:-1","max-image-preview":"max-image-preview:large","max-video-preview":"max-video-preview:-1"},"canonical":"http:\/\/madeinzaragoza.es\/blog\/hashtag-venus\/","og_locale":"es_ES","og_type":"article","og_title":"'Hashtag Venus' de Miguel Frago - Made in Zaragoza","og_description":"Objeto de Deseo II: Hashtag Venus, de Miguel Frago. La segunda intervenci\u00f3n del ciclo \u00abObjeto de deseo\u00ab, en C\u00f3rner MIZ (proyecto con el que analizamos el retorno a lo tradicional y la coexistencia de lo digital y lo anal\u00f3gico) ha sido realizada por Miguel Frago. Bajo el t\u00edtulo \u00abHashtag Venus\u00bb Miguel ha combinado una serie &hellip; Continuar leyendo \"&#8216;Hashtag Venus&#8217; de Miguel Frago\"","og_url":"http:\/\/madeinzaragoza.es\/blog\/hashtag-venus\/","og_site_name":"Made in Zaragoza","article_publisher":"https:\/\/www.facebook.com\/madeinzaragoza.es\/","article_author":"zarayorkers","article_published_time":"2016-04-21T11:55:11+00:00","article_modified_time":"2016-04-23T08:31:30+00:00","og_image":[{"width":650,"height":279,"url":"http:\/\/madeinzaragoza.es\/blog\/wp-content\/uploads\/2016\/04\/portada.jpg","type":"image\/jpeg"}],"author":"Sergio Sevilla","twitter_card":"summary","twitter_creator":"@madeinzaragoza","twitter_site":"@madeinzaragoza","twitter_misc":{"Escrito por":"Sergio Sevilla","Tiempo de lectura":"4 minutos"},"schema":{"@context":"https:\/\/schema.org","@graph":[{"@type":"Article","@id":"http:\/\/madeinzaragoza.es\/blog\/hashtag-venus\/#article","isPartOf":{"@id":"http:\/\/madeinzaragoza.es\/blog\/hashtag-venus\/"},"author":{"name":"Sergio Sevilla","@id":"https:\/\/madeinzaragoza.es\/blog\/#\/schema\/person\/fd836a8fe1177b6200bc8deffc3ad342"},"headline":"&#8216;Hashtag Venus&#8217; de Miguel Frago","datePublished":"2016-04-21T11:55:11+00:00","dateModified":"2016-04-23T08:31:30+00:00","mainEntityOfPage":{"@id":"http:\/\/madeinzaragoza.es\/blog\/hashtag-venus\/"},"wordCount":850,"commentCount":0,"publisher":{"@id":"https:\/\/madeinzaragoza.es\/blog\/#organization"},"keywords":["Artistas de Zaragoza","Corner MIZ","instagram","Miguel Frago","Sergio Sevilla","zarayorkers"],"articleSection":["CornerMIZ","Cultura"],"inLanguage":"es","potentialAction":[{"@type":"CommentAction","name":"Comment","target":["http:\/\/madeinzaragoza.es\/blog\/hashtag-venus\/#respond"]}]},{"@type":"WebPage","@id":"http:\/\/madeinzaragoza.es\/blog\/hashtag-venus\/","url":"http:\/\/madeinzaragoza.es\/blog\/hashtag-venus\/","name":"'Hashtag Venus' de Miguel Frago - Made in Zaragoza","isPartOf":{"@id":"https:\/\/madeinzaragoza.es\/blog\/#website"},"datePublished":"2016-04-21T11:55:11+00:00","dateModified":"2016-04-23T08:31:30+00:00","breadcrumb":{"@id":"http:\/\/madeinzaragoza.es\/blog\/hashtag-venus\/#breadcrumb"},"inLanguage":"es","potentialAction":[{"@type":"ReadAction","target":["http:\/\/madeinzaragoza.es\/blog\/hashtag-venus\/"]}]},{"@type":"BreadcrumbList","@id":"http:\/\/madeinzaragoza.es\/blog\/hashtag-venus\/#breadcrumb","itemListElement":[{"@type":"ListItem","position":1,"name":"Portada","item":"https:\/\/madeinzaragoza.es\/blog\/"},{"@type":"ListItem","position":2,"name":"&#8216;Hashtag Venus&#8217; de Miguel Frago"}]},{"@type":"WebSite","@id":"https:\/\/madeinzaragoza.es\/blog\/#website","url":"https:\/\/madeinzaragoza.es\/blog\/","name":"Made in Zaragoza","description":"Blog de MadeinZGZ, Red de Econom\u00eda Creativa de Zaragoza","publisher":{"@id":"https:\/\/madeinzaragoza.es\/blog\/#organization"},"potentialAction":[{"@type":"SearchAction","target":{"@type":"EntryPoint","urlTemplate":"https:\/\/madeinzaragoza.es\/blog\/?s={search_term_string}"},"query-input":"required name=search_term_string"}],"inLanguage":"es"},{"@type":"Organization","@id":"https:\/\/madeinzaragoza.es\/blog\/#organization","name":"Made In Zaragoza","url":"https:\/\/madeinzaragoza.es\/blog\/","sameAs":["https:\/\/www.instagram.com\/madeinzaragoza.es\/","https:\/\/www.facebook.com\/madeinzaragoza.es\/","https:\/\/twitter.com\/madeinzaragoza"],"logo":{"@type":"ImageObject","inLanguage":"es","@id":"https:\/\/madeinzaragoza.es\/blog\/#\/schema\/logo\/image\/","url":"https:\/\/madeinzaragoza.es\/blog\/wp-content\/uploads\/2022\/05\/logo.png","contentUrl":"https:\/\/madeinzaragoza.es\/blog\/wp-content\/uploads\/2022\/05\/logo.png","width":193,"height":176,"caption":"Made In Zaragoza"},"image":{"@id":"https:\/\/madeinzaragoza.es\/blog\/#\/schema\/logo\/image\/"}},{"@type":"Person","@id":"https:\/\/madeinzaragoza.es\/blog\/#\/schema\/person\/fd836a8fe1177b6200bc8deffc3ad342","name":"Sergio Sevilla","image":{"@type":"ImageObject","inLanguage":"es","@id":"https:\/\/madeinzaragoza.es\/blog\/#\/schema\/person\/image\/","url":"http:\/\/1.gravatar.com\/avatar\/4a59e3901b7e749c4e3750c4fd5d0b43?s=96&d=mm&r=g","contentUrl":"http:\/\/1.gravatar.com\/avatar\/4a59e3901b7e749c4e3750c4fd5d0b43?s=96&d=mm&r=g","caption":"Sergio Sevilla"},"description":"Gesti\u00f3n e Innovaci\u00f3n cultural (I+C) Mi trabajo se basa en la b\u00fasqueda de conexiones culturales en espacios de tr\u00e1nsito. Soy director y programador de proyectos culturales. He coordinado el espacio C\u00f3rner MIZ de Made in Zaragoza y, en la actualidad, me dedico a investigar, documentar y poner en valor el muralismo cer\u00e1mico de los a\u00f1os 60, 70 y 80 de Zaragoza y su relaci\u00f3n con los entornos arquitect\u00f3nicos y decorativos de la \u00e9poca. Descubre el perfil de @ZaragozaModerna en Instagram. Take a walk on the Art side.","sameAs":["zarayorkers","@zaragozamoderna","\/sergiosevillatabernero"],"url":"http:\/\/madeinzaragoza.es\/blog\/author\/sergiosevilla\/"}]}},"_links":{"self":[{"href":"http:\/\/madeinzaragoza.es\/blog\/wp-json\/wp\/v2\/posts\/11295"}],"collection":[{"href":"http:\/\/madeinzaragoza.es\/blog\/wp-json\/wp\/v2\/posts"}],"about":[{"href":"http:\/\/madeinzaragoza.es\/blog\/wp-json\/wp\/v2\/types\/post"}],"author":[{"embeddable":true,"href":"http:\/\/madeinzaragoza.es\/blog\/wp-json\/wp\/v2\/users\/36"}],"replies":[{"embeddable":true,"href":"http:\/\/madeinzaragoza.es\/blog\/wp-json\/wp\/v2\/comments?post=11295"}],"version-history":[{"count":15,"href":"http:\/\/madeinzaragoza.es\/blog\/wp-json\/wp\/v2\/posts\/11295\/revisions"}],"predecessor-version":[{"id":11329,"href":"http:\/\/madeinzaragoza.es\/blog\/wp-json\/wp\/v2\/posts\/11295\/revisions\/11329"}],"wp:featuredmedia":[{"embeddable":true,"href":"http:\/\/madeinzaragoza.es\/blog\/wp-json\/wp\/v2\/media\/11300"}],"wp:attachment":[{"href":"http:\/\/madeinzaragoza.es\/blog\/wp-json\/wp\/v2\/media?parent=11295"}],"wp:term":[{"taxonomy":"category","embeddable":true,"href":"http:\/\/madeinzaragoza.es\/blog\/wp-json\/wp\/v2\/categories?post=11295"},{"taxonomy":"post_tag","embeddable":true,"href":"http:\/\/madeinzaragoza.es\/blog\/wp-json\/wp\/v2\/tags?post=11295"}],"curies":[{"name":"wp","href":"https:\/\/api.w.org\/{rel}","templated":true}]}}