{"id":10869,"date":"2016-02-25T18:56:49","date_gmt":"2016-02-25T17:56:49","guid":{"rendered":"http:\/\/madeinzaragoza.es\/blog\/?p=10869"},"modified":"2016-02-25T18:56:49","modified_gmt":"2016-02-25T17:56:49","slug":"el-segundo-sexo-en-corner-miz","status":"publish","type":"post","link":"http:\/\/madeinzaragoza.es\/blog\/el-segundo-sexo-en-corner-miz\/","title":{"rendered":"El segundo sexo. Dani Garc\u00eda-Nieto y Malavida en C\u00f3rner MIZ"},"content":{"rendered":"<h3><strong>Objeto de Deseo I: Dani Garc\u00eda-Nieto + Malavida<\/strong><\/h3>\n<p>&nbsp;<\/p>\n<p style=\"text-align: justify\">La primera intervenci\u00f3n de este nuevo ciclo de <strong>C\u00f3rner MIZ<\/strong> que bajo el t\u00edtulo de \u00ab<strong>Objeto de Deseo<\/strong>\u00bb se va a desarrollar durante el presente 2016 est\u00e1 realizada por <a href=\"http:\/\/www.elojoquemuerde.com\/\" target=\"_blank\"><strong>Dani Garc\u00eda-Nieto<\/strong><\/a> y el <a href=\"http:\/\/www.asociacionmalavida.com\/\" target=\"_blank\"><strong>colectivo Malavida<\/strong><\/a>. La obra lleva por t\u00edtulo \u00ab<strong>El segundo sexo<\/strong>\u00bb y es la adaptaci\u00f3n al muro del c\u00f3mic de Dani titulado del mismo modo \u00abEl segundo sexo\u00bb que, adem\u00e1s, es la adaptaci\u00f3n al comic de la obra original \u00ab<strong>El segundo sexo<\/strong>\u00ab, ensayo filos\u00f3fico escrito por <strong>Simone de Beauvoir<\/strong> en 1949.<\/p>\n<p>\u201c<strong>El segundo sexo<\/strong>\u201d de Simone de Beauvoir es un ensayo de car\u00e1cter existencialista y feminista, escrito por Simone de Beauvoir, sobre la condici\u00f3n de ser mujer y su reflexi\u00f3n sobre lo que hab\u00eda significado para ella el ser mujer. En el, analiza la situaci\u00f3n de las mujeres a lo largo de la historia y aborda c\u00f3mo se ha concebido a la mujer, qu\u00e9 situaciones viven las mujeres y c\u00f3mo se puede intentar que mejoren sus vidas y se ampl\u00eden sus libertades. Simone de Beauvoir construye la teor\u00eda que \u00abla mujer\u00bb, o m\u00e1s exactamente lo que se entiende por mujer, es un producto que se ha construido socialmente y por tanto la principal tarea de la mujer es reconquistar <strong>su propia identidad<\/strong> espec\u00edfica y <strong>desde sus propios criterios<\/strong>.<\/p>\n<figure id=\"attachment_10870\" aria-describedby=\"caption-attachment-10870\" style=\"width: 625px\" class=\"wp-caption aligncenter\"><a href=\"http:\/\/madeinzaragoza.es\/blog\/wp-content\/uploads\/2016\/02\/mujer.jpg\"><img loading=\"lazy\" decoding=\"async\" class=\"size-full wp-image-10870\" src=\"http:\/\/madeinzaragoza.es\/blog\/wp-content\/uploads\/2016\/02\/mujer.jpg\" alt=\"El segundo sexo, intervenci\u00f3n en C\u00f3rner MIZ\" width=\"625\" height=\"351\" srcset=\"http:\/\/madeinzaragoza.es\/blog\/wp-content\/uploads\/2016\/02\/mujer.jpg 625w, http:\/\/madeinzaragoza.es\/blog\/wp-content\/uploads\/2016\/02\/mujer-300x168.jpg 300w, http:\/\/madeinzaragoza.es\/blog\/wp-content\/uploads\/2016\/02\/mujer-190x108.jpg 190w, http:\/\/madeinzaragoza.es\/blog\/wp-content\/uploads\/2016\/02\/mujer-180x101.jpg 180w, http:\/\/madeinzaragoza.es\/blog\/wp-content\/uploads\/2016\/02\/mujer-350x196.jpg 350w\" sizes=\"(max-width: 709px) 85vw, (max-width: 909px) 67vw, (max-width: 984px) 61vw, (max-width: 1362px) 45vw, 600px\" \/><\/a><figcaption id=\"caption-attachment-10870\" class=\"wp-caption-text\"><strong><em>\u00abEl segundo sexo\u00bb<\/em><\/strong>, intervenci\u00f3n en C\u00f3rner MIZ<\/figcaption><\/figure>\n<p style=\"text-align: justify\">La obra de Beauvoir es recogida por Dani Garc\u00eda-Nieto quien, en su compromiso divulgativo y de comunicaci\u00f3n, la adapta al c\u00f3mic. No es la primera vez que Dani toma un obra de la filosof\u00eda o de la pol\u00edtica y la adapta a trav\u00e9s del lenguaje del c\u00f3mic a la actualidad. Lo ha hecho tambi\u00e9n con \u00ab<em><strong>El manifiesto comunista<\/strong><\/em>\u00bb de Karl Marx y Friedrich Engels o con la obra \u00ab<em><strong>Dios y el Estado<\/strong><\/em>\u00bb de Mijail Bakunin, haci\u00e9ndolas m\u00e1s &#8216;digeribles&#8217; y acerc\u00e1ndolas a nuevos p\u00fablicos de una forma m\u00e1s asequible, conceptualmente hablando. De este modo lo hace con \u00abEl segundo sexo\u00bb, una obra de 900 p\u00e1ginas (seg\u00fan edici\u00f3n) que sintetiza en un tebeo de 16 p\u00e1ginas con vi\u00f1etas en blanco y negro. Y ahora, junto con el colectivo <strong>Malavida,<\/strong> lo ha reinterpretado y vuelto a sintetizar en la intervenci\u00f3n ef\u00edmera que ha realizado en <strong>C\u00f3rner MIZ<\/strong>.<\/p>\n<p style=\"text-align: justify\">Sobre la pared, Dani ha concentrado las 16 p\u00e1ginas del c\u00f3mic en 18 vi\u00f1etas que han dibujado en la pared frontal y, a su vez, ha realizado la m\u00e1xima s\u00edntesis de la obra original al concentrar toda la obra de Simone de Beauvoir, las 16 p\u00e1ginas del c\u00f3mic y las 18 vi\u00f1etas de la intervenci\u00f3n en una \u00fanica frase: <strong>\u00abLa mujer no nace, se hace\u00bb<\/strong>. Esta es la idea principal de la obra original y esta es la intervenci\u00f3n escrita dentro del arco de ladrillo en <strong><a href=\"http:\/\/madeinzaragoza.es\/blog\/category\/corner-miz\/\">C\u00f3rner MIZ<\/a><\/strong>.<\/p>\n<p><a href=\"http:\/\/madeinzaragoza.es\/blog\/wp-content\/uploads\/2016\/02\/segundosexo.jpg\"><img loading=\"lazy\" decoding=\"async\" class=\"aligncenter size-full wp-image-10875\" src=\"http:\/\/madeinzaragoza.es\/blog\/wp-content\/uploads\/2016\/02\/segundosexo.jpg\" alt=\"segundosexo\" width=\"625\" height=\"320\" srcset=\"http:\/\/madeinzaragoza.es\/blog\/wp-content\/uploads\/2016\/02\/segundosexo.jpg 625w, http:\/\/madeinzaragoza.es\/blog\/wp-content\/uploads\/2016\/02\/segundosexo-300x153.jpg 300w, http:\/\/madeinzaragoza.es\/blog\/wp-content\/uploads\/2016\/02\/segundosexo-180x92.jpg 180w, http:\/\/madeinzaragoza.es\/blog\/wp-content\/uploads\/2016\/02\/segundosexo-350x179.jpg 350w\" sizes=\"(max-width: 709px) 85vw, (max-width: 909px) 67vw, (max-width: 984px) 61vw, (max-width: 1362px) 45vw, 600px\" \/><\/a><\/p>\n<p style=\"text-align: justify\">En cuanto a su desarrollo espacial, la obra se divide en las dos partes se\u00f1aladas: las 18 vi\u00f1etas dibujadas en tonos morados y negros sobre el blanco de la pared y la s\u00edntesis textual en un negro rotundo sobre un blanco mudo (como una met\u00e1fora conceptual sobre la concepci\u00f3n patriarcal de la mujer), en el arco de ladrillo.<\/p>\n<p style=\"text-align: justify\">La intervenci\u00f3n ha sido realizada por el <strong>colectivo Malavida<\/strong> quien de forma colaborativa la han elaborado como si se tratase de un tebeo cl\u00e1sico. Dani ha realizado el gui\u00f3n y el concepto, en funci\u00f3n de su c\u00f3mic y posteriormente entre todos lo han plasmado en la pared, siguiendo un proceso casi artesanal de oficio: uno dibujaba en lapiz, otro entintaba, otro escrib\u00eda los textos y, por \u00faltimo, otro a\u00f1ad\u00eda los detalles finales. El equipo de trabajo lo formaron: Carlos Xcar Malavida, Miguel A. Hern\u00e1ndez, Chefo, Carlos Melgares, Kalitos, Iru y Dani Garc\u00eda-Nieto.<\/p>\n<figure id=\"attachment_10878\" aria-describedby=\"caption-attachment-10878\" style=\"width: 625px\" class=\"wp-caption aligncenter\"><a href=\"http:\/\/madeinzaragoza.es\/blog\/wp-content\/uploads\/2016\/02\/firmas.jpg\"><img loading=\"lazy\" decoding=\"async\" class=\"size-full wp-image-10878\" src=\"http:\/\/madeinzaragoza.es\/blog\/wp-content\/uploads\/2016\/02\/firmas.jpg\" alt=\"Los autores de intervenci\u00f3n\" width=\"625\" height=\"205\" srcset=\"http:\/\/madeinzaragoza.es\/blog\/wp-content\/uploads\/2016\/02\/firmas.jpg 625w, http:\/\/madeinzaragoza.es\/blog\/wp-content\/uploads\/2016\/02\/firmas-300x98.jpg 300w, http:\/\/madeinzaragoza.es\/blog\/wp-content\/uploads\/2016\/02\/firmas-180x59.jpg 180w, http:\/\/madeinzaragoza.es\/blog\/wp-content\/uploads\/2016\/02\/firmas-350x114.jpg 350w\" sizes=\"(max-width: 709px) 85vw, (max-width: 909px) 67vw, (max-width: 984px) 61vw, (max-width: 1362px) 45vw, 600px\" \/><\/a><figcaption id=\"caption-attachment-10878\" class=\"wp-caption-text\">Los autores de intervenci\u00f3n<\/figcaption><\/figure>\n<p style=\"text-align: justify\">Una intervenci\u00f3n art\u00edstica en un espacio de tr\u00e1nsito creada para detenerse, para observarla con detalle y profundizar en su lectura adentr\u00e1ndose en la obra original de Simone de Beauvoir. Esta obra es el <strong>objeto de deseo<\/strong> de Dani Garc\u00eda-Nieto.<\/p>\n<p style=\"text-align: justify\"><em><span style=\"color: #333333\">La obra de Dani Garc\u00eda-Nieto + Malavida puede verse en el espacio C\u00f3rner MIZ de La Azucarera hasta el 23 de marzo.<\/span><\/em><\/p>\n<p>&nbsp;<\/p>\n","protected":false},"excerpt":{"rendered":"<p>Objeto de Deseo I: Dani Garc\u00eda-Nieto + Malavida &nbsp; La primera intervenci\u00f3n de este nuevo ciclo de C\u00f3rner MIZ que bajo el t\u00edtulo de \u00abObjeto de Deseo\u00bb se va a desarrollar durante el presente 2016 est\u00e1 realizada por Dani Garc\u00eda-Nieto y el colectivo Malavida. La obra lleva por t\u00edtulo \u00abEl segundo sexo\u00bb y es la &hellip; <a href=\"http:\/\/madeinzaragoza.es\/blog\/el-segundo-sexo-en-corner-miz\/\" class=\"more-link\">Continuar leyendo<span class=\"screen-reader-text\"> \u00abEl segundo sexo. Dani Garc\u00eda-Nieto y Malavida en C\u00f3rner MIZ\u00bb<\/span><\/a><\/p>\n","protected":false},"author":36,"featured_media":10888,"comment_status":"open","ping_status":"open","sticky":false,"template":"","format":"standard","meta":{"footnotes":""},"categories":[831,829],"tags":[21,834,1229,62,945,1028,346,1024],"yoast_head":"<!-- This site is optimized with the Yoast SEO plugin v19.7.2 - https:\/\/yoast.com\/wordpress\/plugins\/seo\/ -->\n<title>El segundo sexo. Dani Garc\u00eda-Nieto y Malavida en C\u00f3rner MIZ - Made in Zaragoza<\/title>\n<meta name=\"robots\" content=\"index, follow, max-snippet:-1, max-image-preview:large, max-video-preview:-1\" \/>\n<link rel=\"canonical\" href=\"https:\/\/madeinzaragoza.es\/blog\/el-segundo-sexo-en-corner-miz\/\" \/>\n<meta property=\"og:locale\" content=\"es_ES\" \/>\n<meta property=\"og:type\" content=\"article\" \/>\n<meta property=\"og:title\" content=\"El segundo sexo. Dani Garc\u00eda-Nieto y Malavida en C\u00f3rner MIZ - Made in Zaragoza\" \/>\n<meta property=\"og:description\" content=\"Objeto de Deseo I: Dani Garc\u00eda-Nieto + Malavida &nbsp; La primera intervenci\u00f3n de este nuevo ciclo de C\u00f3rner MIZ que bajo el t\u00edtulo de \u00abObjeto de Deseo\u00bb se va a desarrollar durante el presente 2016 est\u00e1 realizada por Dani Garc\u00eda-Nieto y el colectivo Malavida. La obra lleva por t\u00edtulo \u00abEl segundo sexo\u00bb y es la &hellip; Continuar leyendo &quot;El segundo sexo. Dani Garc\u00eda-Nieto y Malavida en C\u00f3rner MIZ&quot;\" \/>\n<meta property=\"og:url\" content=\"https:\/\/madeinzaragoza.es\/blog\/el-segundo-sexo-en-corner-miz\/\" \/>\n<meta property=\"og:site_name\" content=\"Made in Zaragoza\" \/>\n<meta property=\"article:publisher\" content=\"https:\/\/www.facebook.com\/madeinzaragoza.es\/\" \/>\n<meta property=\"article:author\" content=\"zarayorkers\" \/>\n<meta property=\"article:published_time\" content=\"2016-02-25T17:56:49+00:00\" \/>\n<meta property=\"og:image\" content=\"https:\/\/madeinzaragoza.es\/blog\/wp-content\/uploads\/2016\/02\/portada.jpg\" \/>\n\t<meta property=\"og:image:width\" content=\"650\" \/>\n\t<meta property=\"og:image:height\" content=\"280\" \/>\n\t<meta property=\"og:image:type\" content=\"image\/jpeg\" \/>\n<meta name=\"author\" content=\"Sergio Sevilla\" \/>\n<meta name=\"twitter:card\" content=\"summary\" \/>\n<meta name=\"twitter:creator\" content=\"@madeinzaragoza\" \/>\n<meta name=\"twitter:site\" content=\"@madeinzaragoza\" \/>\n<meta name=\"twitter:label1\" content=\"Escrito por\" \/>\n\t<meta name=\"twitter:data1\" content=\"Sergio Sevilla\" \/>\n\t<meta name=\"twitter:label2\" content=\"Tiempo de lectura\" \/>\n\t<meta name=\"twitter:data2\" content=\"4 minutos\" \/>\n<script type=\"application\/ld+json\" class=\"yoast-schema-graph\">{\"@context\":\"https:\/\/schema.org\",\"@graph\":[{\"@type\":\"Article\",\"@id\":\"https:\/\/madeinzaragoza.es\/blog\/el-segundo-sexo-en-corner-miz\/#article\",\"isPartOf\":{\"@id\":\"https:\/\/madeinzaragoza.es\/blog\/el-segundo-sexo-en-corner-miz\/\"},\"author\":{\"name\":\"Sergio Sevilla\",\"@id\":\"https:\/\/madeinzaragoza.es\/blog\/#\/schema\/person\/fd836a8fe1177b6200bc8deffc3ad342\"},\"headline\":\"El segundo sexo. Dani Garc\u00eda-Nieto y Malavida en C\u00f3rner MIZ\",\"datePublished\":\"2016-02-25T17:56:49+00:00\",\"dateModified\":\"2016-02-25T17:56:49+00:00\",\"mainEntityOfPage\":{\"@id\":\"https:\/\/madeinzaragoza.es\/blog\/el-segundo-sexo-en-corner-miz\/\"},\"wordCount\":767,\"commentCount\":0,\"publisher\":{\"@id\":\"https:\/\/madeinzaragoza.es\/blog\/#organization\"},\"keywords\":[\"C\u00f3mic\",\"Corner MIZ\",\"Dani Garc\u00eda-Nieto\",\"Exposiciones\",\"intervenci\u00f3n\",\"Sergio Sevilla\",\"Zaragoza Activa\",\"zarayorkers\"],\"articleSection\":[\"CornerMIZ\",\"Cultura\"],\"inLanguage\":\"es\",\"potentialAction\":[{\"@type\":\"CommentAction\",\"name\":\"Comment\",\"target\":[\"https:\/\/madeinzaragoza.es\/blog\/el-segundo-sexo-en-corner-miz\/#respond\"]}]},{\"@type\":\"WebPage\",\"@id\":\"https:\/\/madeinzaragoza.es\/blog\/el-segundo-sexo-en-corner-miz\/\",\"url\":\"https:\/\/madeinzaragoza.es\/blog\/el-segundo-sexo-en-corner-miz\/\",\"name\":\"El segundo sexo. Dani Garc\u00eda-Nieto y Malavida en C\u00f3rner MIZ - Made in Zaragoza\",\"isPartOf\":{\"@id\":\"https:\/\/madeinzaragoza.es\/blog\/#website\"},\"datePublished\":\"2016-02-25T17:56:49+00:00\",\"dateModified\":\"2016-02-25T17:56:49+00:00\",\"breadcrumb\":{\"@id\":\"https:\/\/madeinzaragoza.es\/blog\/el-segundo-sexo-en-corner-miz\/#breadcrumb\"},\"inLanguage\":\"es\",\"potentialAction\":[{\"@type\":\"ReadAction\",\"target\":[\"https:\/\/madeinzaragoza.es\/blog\/el-segundo-sexo-en-corner-miz\/\"]}]},{\"@type\":\"BreadcrumbList\",\"@id\":\"https:\/\/madeinzaragoza.es\/blog\/el-segundo-sexo-en-corner-miz\/#breadcrumb\",\"itemListElement\":[{\"@type\":\"ListItem\",\"position\":1,\"name\":\"Portada\",\"item\":\"https:\/\/madeinzaragoza.es\/blog\/\"},{\"@type\":\"ListItem\",\"position\":2,\"name\":\"El segundo sexo. Dani Garc\u00eda-Nieto y Malavida en C\u00f3rner MIZ\"}]},{\"@type\":\"WebSite\",\"@id\":\"https:\/\/madeinzaragoza.es\/blog\/#website\",\"url\":\"https:\/\/madeinzaragoza.es\/blog\/\",\"name\":\"Made in Zaragoza\",\"description\":\"Blog de MadeinZGZ, Red de Econom\u00eda Creativa de Zaragoza\",\"publisher\":{\"@id\":\"https:\/\/madeinzaragoza.es\/blog\/#organization\"},\"potentialAction\":[{\"@type\":\"SearchAction\",\"target\":{\"@type\":\"EntryPoint\",\"urlTemplate\":\"https:\/\/madeinzaragoza.es\/blog\/?s={search_term_string}\"},\"query-input\":\"required name=search_term_string\"}],\"inLanguage\":\"es\"},{\"@type\":\"Organization\",\"@id\":\"https:\/\/madeinzaragoza.es\/blog\/#organization\",\"name\":\"Made In Zaragoza\",\"url\":\"https:\/\/madeinzaragoza.es\/blog\/\",\"sameAs\":[\"https:\/\/www.instagram.com\/madeinzaragoza.es\/\",\"https:\/\/www.facebook.com\/madeinzaragoza.es\/\",\"https:\/\/twitter.com\/madeinzaragoza\"],\"logo\":{\"@type\":\"ImageObject\",\"inLanguage\":\"es\",\"@id\":\"https:\/\/madeinzaragoza.es\/blog\/#\/schema\/logo\/image\/\",\"url\":\"https:\/\/madeinzaragoza.es\/blog\/wp-content\/uploads\/2022\/05\/logo.png\",\"contentUrl\":\"https:\/\/madeinzaragoza.es\/blog\/wp-content\/uploads\/2022\/05\/logo.png\",\"width\":193,\"height\":176,\"caption\":\"Made In Zaragoza\"},\"image\":{\"@id\":\"https:\/\/madeinzaragoza.es\/blog\/#\/schema\/logo\/image\/\"}},{\"@type\":\"Person\",\"@id\":\"https:\/\/madeinzaragoza.es\/blog\/#\/schema\/person\/fd836a8fe1177b6200bc8deffc3ad342\",\"name\":\"Sergio Sevilla\",\"image\":{\"@type\":\"ImageObject\",\"inLanguage\":\"es\",\"@id\":\"https:\/\/madeinzaragoza.es\/blog\/#\/schema\/person\/image\/\",\"url\":\"http:\/\/1.gravatar.com\/avatar\/4a59e3901b7e749c4e3750c4fd5d0b43?s=96&d=mm&r=g\",\"contentUrl\":\"http:\/\/1.gravatar.com\/avatar\/4a59e3901b7e749c4e3750c4fd5d0b43?s=96&d=mm&r=g\",\"caption\":\"Sergio Sevilla\"},\"description\":\"Gesti\u00f3n e Innovaci\u00f3n cultural (I+C) Mi trabajo se basa en la b\u00fasqueda de conexiones culturales en espacios de tr\u00e1nsito. Soy director y programador de proyectos culturales. He coordinado el espacio C\u00f3rner MIZ de Made in Zaragoza y, en la actualidad, me dedico a investigar, documentar y poner en valor el muralismo cer\u00e1mico de los a\u00f1os 60, 70 y 80 de Zaragoza y su relaci\u00f3n con los entornos arquitect\u00f3nicos y decorativos de la \u00e9poca. Descubre el perfil de @ZaragozaModerna en Instagram. Take a walk on the Art side.\",\"sameAs\":[\"zarayorkers\",\"@zaragozamoderna\",\"\/sergiosevillatabernero\"],\"url\":\"http:\/\/madeinzaragoza.es\/blog\/author\/sergiosevilla\/\"}]}<\/script>\n<!-- \/ Yoast SEO plugin. -->","yoast_head_json":{"title":"El segundo sexo. Dani Garc\u00eda-Nieto y Malavida en C\u00f3rner MIZ - Made in Zaragoza","robots":{"index":"index","follow":"follow","max-snippet":"max-snippet:-1","max-image-preview":"max-image-preview:large","max-video-preview":"max-video-preview:-1"},"canonical":"https:\/\/madeinzaragoza.es\/blog\/el-segundo-sexo-en-corner-miz\/","og_locale":"es_ES","og_type":"article","og_title":"El segundo sexo. Dani Garc\u00eda-Nieto y Malavida en C\u00f3rner MIZ - Made in Zaragoza","og_description":"Objeto de Deseo I: Dani Garc\u00eda-Nieto + Malavida &nbsp; La primera intervenci\u00f3n de este nuevo ciclo de C\u00f3rner MIZ que bajo el t\u00edtulo de \u00abObjeto de Deseo\u00bb se va a desarrollar durante el presente 2016 est\u00e1 realizada por Dani Garc\u00eda-Nieto y el colectivo Malavida. La obra lleva por t\u00edtulo \u00abEl segundo sexo\u00bb y es la &hellip; Continuar leyendo \"El segundo sexo. Dani Garc\u00eda-Nieto y Malavida en C\u00f3rner MIZ\"","og_url":"https:\/\/madeinzaragoza.es\/blog\/el-segundo-sexo-en-corner-miz\/","og_site_name":"Made in Zaragoza","article_publisher":"https:\/\/www.facebook.com\/madeinzaragoza.es\/","article_author":"zarayorkers","article_published_time":"2016-02-25T17:56:49+00:00","og_image":[{"width":650,"height":280,"url":"https:\/\/madeinzaragoza.es\/blog\/wp-content\/uploads\/2016\/02\/portada.jpg","type":"image\/jpeg"}],"author":"Sergio Sevilla","twitter_card":"summary","twitter_creator":"@madeinzaragoza","twitter_site":"@madeinzaragoza","twitter_misc":{"Escrito por":"Sergio Sevilla","Tiempo de lectura":"4 minutos"},"schema":{"@context":"https:\/\/schema.org","@graph":[{"@type":"Article","@id":"https:\/\/madeinzaragoza.es\/blog\/el-segundo-sexo-en-corner-miz\/#article","isPartOf":{"@id":"https:\/\/madeinzaragoza.es\/blog\/el-segundo-sexo-en-corner-miz\/"},"author":{"name":"Sergio Sevilla","@id":"https:\/\/madeinzaragoza.es\/blog\/#\/schema\/person\/fd836a8fe1177b6200bc8deffc3ad342"},"headline":"El segundo sexo. Dani Garc\u00eda-Nieto y Malavida en C\u00f3rner MIZ","datePublished":"2016-02-25T17:56:49+00:00","dateModified":"2016-02-25T17:56:49+00:00","mainEntityOfPage":{"@id":"https:\/\/madeinzaragoza.es\/blog\/el-segundo-sexo-en-corner-miz\/"},"wordCount":767,"commentCount":0,"publisher":{"@id":"https:\/\/madeinzaragoza.es\/blog\/#organization"},"keywords":["C\u00f3mic","Corner MIZ","Dani Garc\u00eda-Nieto","Exposiciones","intervenci\u00f3n","Sergio Sevilla","Zaragoza Activa","zarayorkers"],"articleSection":["CornerMIZ","Cultura"],"inLanguage":"es","potentialAction":[{"@type":"CommentAction","name":"Comment","target":["https:\/\/madeinzaragoza.es\/blog\/el-segundo-sexo-en-corner-miz\/#respond"]}]},{"@type":"WebPage","@id":"https:\/\/madeinzaragoza.es\/blog\/el-segundo-sexo-en-corner-miz\/","url":"https:\/\/madeinzaragoza.es\/blog\/el-segundo-sexo-en-corner-miz\/","name":"El segundo sexo. Dani Garc\u00eda-Nieto y Malavida en C\u00f3rner MIZ - Made in Zaragoza","isPartOf":{"@id":"https:\/\/madeinzaragoza.es\/blog\/#website"},"datePublished":"2016-02-25T17:56:49+00:00","dateModified":"2016-02-25T17:56:49+00:00","breadcrumb":{"@id":"https:\/\/madeinzaragoza.es\/blog\/el-segundo-sexo-en-corner-miz\/#breadcrumb"},"inLanguage":"es","potentialAction":[{"@type":"ReadAction","target":["https:\/\/madeinzaragoza.es\/blog\/el-segundo-sexo-en-corner-miz\/"]}]},{"@type":"BreadcrumbList","@id":"https:\/\/madeinzaragoza.es\/blog\/el-segundo-sexo-en-corner-miz\/#breadcrumb","itemListElement":[{"@type":"ListItem","position":1,"name":"Portada","item":"https:\/\/madeinzaragoza.es\/blog\/"},{"@type":"ListItem","position":2,"name":"El segundo sexo. Dani Garc\u00eda-Nieto y Malavida en C\u00f3rner MIZ"}]},{"@type":"WebSite","@id":"https:\/\/madeinzaragoza.es\/blog\/#website","url":"https:\/\/madeinzaragoza.es\/blog\/","name":"Made in Zaragoza","description":"Blog de MadeinZGZ, Red de Econom\u00eda Creativa de Zaragoza","publisher":{"@id":"https:\/\/madeinzaragoza.es\/blog\/#organization"},"potentialAction":[{"@type":"SearchAction","target":{"@type":"EntryPoint","urlTemplate":"https:\/\/madeinzaragoza.es\/blog\/?s={search_term_string}"},"query-input":"required name=search_term_string"}],"inLanguage":"es"},{"@type":"Organization","@id":"https:\/\/madeinzaragoza.es\/blog\/#organization","name":"Made In Zaragoza","url":"https:\/\/madeinzaragoza.es\/blog\/","sameAs":["https:\/\/www.instagram.com\/madeinzaragoza.es\/","https:\/\/www.facebook.com\/madeinzaragoza.es\/","https:\/\/twitter.com\/madeinzaragoza"],"logo":{"@type":"ImageObject","inLanguage":"es","@id":"https:\/\/madeinzaragoza.es\/blog\/#\/schema\/logo\/image\/","url":"https:\/\/madeinzaragoza.es\/blog\/wp-content\/uploads\/2022\/05\/logo.png","contentUrl":"https:\/\/madeinzaragoza.es\/blog\/wp-content\/uploads\/2022\/05\/logo.png","width":193,"height":176,"caption":"Made In Zaragoza"},"image":{"@id":"https:\/\/madeinzaragoza.es\/blog\/#\/schema\/logo\/image\/"}},{"@type":"Person","@id":"https:\/\/madeinzaragoza.es\/blog\/#\/schema\/person\/fd836a8fe1177b6200bc8deffc3ad342","name":"Sergio Sevilla","image":{"@type":"ImageObject","inLanguage":"es","@id":"https:\/\/madeinzaragoza.es\/blog\/#\/schema\/person\/image\/","url":"http:\/\/1.gravatar.com\/avatar\/4a59e3901b7e749c4e3750c4fd5d0b43?s=96&d=mm&r=g","contentUrl":"http:\/\/1.gravatar.com\/avatar\/4a59e3901b7e749c4e3750c4fd5d0b43?s=96&d=mm&r=g","caption":"Sergio Sevilla"},"description":"Gesti\u00f3n e Innovaci\u00f3n cultural (I+C) Mi trabajo se basa en la b\u00fasqueda de conexiones culturales en espacios de tr\u00e1nsito. Soy director y programador de proyectos culturales. He coordinado el espacio C\u00f3rner MIZ de Made in Zaragoza y, en la actualidad, me dedico a investigar, documentar y poner en valor el muralismo cer\u00e1mico de los a\u00f1os 60, 70 y 80 de Zaragoza y su relaci\u00f3n con los entornos arquitect\u00f3nicos y decorativos de la \u00e9poca. Descubre el perfil de @ZaragozaModerna en Instagram. Take a walk on the Art side.","sameAs":["zarayorkers","@zaragozamoderna","\/sergiosevillatabernero"],"url":"http:\/\/madeinzaragoza.es\/blog\/author\/sergiosevilla\/"}]}},"_links":{"self":[{"href":"http:\/\/madeinzaragoza.es\/blog\/wp-json\/wp\/v2\/posts\/10869"}],"collection":[{"href":"http:\/\/madeinzaragoza.es\/blog\/wp-json\/wp\/v2\/posts"}],"about":[{"href":"http:\/\/madeinzaragoza.es\/blog\/wp-json\/wp\/v2\/types\/post"}],"author":[{"embeddable":true,"href":"http:\/\/madeinzaragoza.es\/blog\/wp-json\/wp\/v2\/users\/36"}],"replies":[{"embeddable":true,"href":"http:\/\/madeinzaragoza.es\/blog\/wp-json\/wp\/v2\/comments?post=10869"}],"version-history":[{"count":16,"href":"http:\/\/madeinzaragoza.es\/blog\/wp-json\/wp\/v2\/posts\/10869\/revisions"}],"predecessor-version":[{"id":10892,"href":"http:\/\/madeinzaragoza.es\/blog\/wp-json\/wp\/v2\/posts\/10869\/revisions\/10892"}],"wp:featuredmedia":[{"embeddable":true,"href":"http:\/\/madeinzaragoza.es\/blog\/wp-json\/wp\/v2\/media\/10888"}],"wp:attachment":[{"href":"http:\/\/madeinzaragoza.es\/blog\/wp-json\/wp\/v2\/media?parent=10869"}],"wp:term":[{"taxonomy":"category","embeddable":true,"href":"http:\/\/madeinzaragoza.es\/blog\/wp-json\/wp\/v2\/categories?post=10869"},{"taxonomy":"post_tag","embeddable":true,"href":"http:\/\/madeinzaragoza.es\/blog\/wp-json\/wp\/v2\/tags?post=10869"}],"curies":[{"name":"wp","href":"https:\/\/api.w.org\/{rel}","templated":true}]}}