{"id":10783,"date":"2016-02-01T16:52:16","date_gmt":"2016-02-01T15:52:16","guid":{"rendered":"http:\/\/madeinzaragoza.es\/blog\/?p=10783"},"modified":"2022-10-09T14:50:24","modified_gmt":"2022-10-09T13:50:24","slug":"dani-garcia-nieto-vinetas-humor-grafico-y-mucho-mas","status":"publish","type":"post","link":"http:\/\/madeinzaragoza.es\/blog\/dani-garcia-nieto-vinetas-humor-grafico-y-mucho-mas\/","title":{"rendered":"Dani Garc\u00eda-Nieto: vi\u00f1etas, humor gr\u00e1fico y mucho m\u00e1s."},"content":{"rendered":"<h3><strong>Objeto de Deseo I: Dani Garc\u00eda-Nieto<\/strong><\/h3>\n<p style=\"text-align: justify\"><a href=\"http:\/\/www.elojoquemuerde.com\/\" target=\"_blank\" rel=\"noopener\"><strong>Daniel Garc\u00eda-Nieto<\/strong><\/a> es periodista, dibujante y chistoso. As\u00ed es como se define \u00e9l mismo en una de sus p\u00e1ginas web en las que publica sus trabajos con regularidad. Dani es periodista, trabaja como redactor en <strong>El Peri\u00f3dico de Arag\u00f3n<\/strong>, publica con regularidad desde hace m\u00e1s de doce a\u00f1os en <strong>Arag\u00f3n Digital<\/strong> una secci\u00f3n de humor gr\u00e1fico llamada &#8216;<strong>La tira cr\u00f3nica<\/strong>&#8216; donde ha realizado m\u00e1s de 700 historietas, dibuja vi\u00f1etas, tiras c\u00f3micas, novelas gr\u00e1ficas, ilustra, hace caricaturas, realiza los guiones de sus historias, dise\u00f1a camisetas y etiquetas de vino, imparte talleres de ilustraci\u00f3n y c\u00f3mic, hace exposiciones de sus obras y un sinf\u00edn de cosas m\u00e1s.<\/p>\n<p style=\"text-align: justify\">Las <strong>vi\u00f1etas<\/strong>, <strong>historietas<\/strong> y <strong>tiras c\u00f3micas<\/strong> es el medio de comunicaci\u00f3n que Dani Garc\u00eda-Nieto utiliza para expresarse y hablarnos de sus temas de inter\u00e9s. La <strong>tira c\u00f3mica<\/strong> es un g\u00e9nero de humor utilizado por el periodismo casi desde sus inicios. Su nombre proviene del t\u00e9rmino ing\u00e9s <em>comic strip<\/em> y surge como v\u00eda de comunicaci\u00f3n para una poblaci\u00f3n inmigrante que no entiende bien el ingl\u00e9s pero que si pueden entender las ilustraciones. La tira c\u00f3mica suele tener una o varias vi\u00f1etas generalmente alineadas horizontalmente (aunque posteriormente se desarrolla en otros formatos) compuestas por uno o varios dibujos que constituyen un relato con o sin texto.<\/p>\n<figure id=\"attachment_10793\" aria-describedby=\"caption-attachment-10793\" style=\"width: 625px\" class=\"wp-caption aligncenter\"><a href=\"http:\/\/madeinzaragoza.es\/blog\/wp-content\/uploads\/2016\/01\/historiaabsurda.jpg\"><img loading=\"lazy\" decoding=\"async\" class=\"wp-image-10793 size-full\" src=\"http:\/\/madeinzaragoza.es\/blog\/wp-content\/uploads\/2016\/01\/historiaabsurda.jpg\" alt=\"historiaabsurda\" width=\"625\" height=\"313\" srcset=\"http:\/\/madeinzaragoza.es\/blog\/wp-content\/uploads\/2016\/01\/historiaabsurda.jpg 625w, http:\/\/madeinzaragoza.es\/blog\/wp-content\/uploads\/2016\/01\/historiaabsurda-300x150.jpg 300w, http:\/\/madeinzaragoza.es\/blog\/wp-content\/uploads\/2016\/01\/historiaabsurda-180x90.jpg 180w, http:\/\/madeinzaragoza.es\/blog\/wp-content\/uploads\/2016\/01\/historiaabsurda-350x175.jpg 350w\" sizes=\"(max-width: 709px) 85vw, (max-width: 909px) 67vw, (max-width: 984px) 61vw, (max-width: 1362px) 45vw, 600px\" \/><\/a><figcaption id=\"caption-attachment-10793\" class=\"wp-caption-text\"><em>Historia (absurda) de Arag\u00f3n<\/em>, de Dani Garc\u00eda-Nieto<\/figcaption><\/figure>\n<p style=\"text-align: justify\">En este campo, Dani encuentra un gran desarrollo profesional y se convierte en uno de los vi\u00f1etistas\/historietistas m\u00e1s populares de nuestra ciudad en la actualidad. A trav\u00e9s de sus ilustraciones, Dani nos ofrece la informaci\u00f3n sobre temas actuales, de la actualidad social a la actualidad pol\u00edtica o econ\u00f3mica, donde encuentra un gran campo de inspiraci\u00f3n (y es que en ocasiones la realidad pol\u00edtica supera a la ficci\u00f3n). Sus ilustraciones se centran en el humor, en abordar temas de inter\u00e9s desde un punto de vista c\u00f3mico y a veces pasa del humor a la s\u00e1tira pol\u00edtica para denunciar o enfatizar situaciones concretas. Tambi\u00e9n ha realizado vi\u00f1etas de protesta, reivindicativas, aleg\u00f3ricas, con dedicatorias o la memoria de personalidades ilustres, ha realizado revisiones de los cl\u00e1sicos y ha dado forma gr\u00e1fica a su ingenio particular.<\/p>\n<p style=\"text-align: justify\">Sus influencias tambi\u00e9n son m\u00faltiples, desde los cl\u00e1scios del humor espa\u00f1ol (ve\u00e1se La Codorniz) a los superh\u00e9roes de Marvel, pasando por los tebeos de Ib\u00e1\u00f1ez, Superl\u00f3pez, DC C\u00f3mics, revistas de historietas de terror como <em>Creepy <\/em>o <em>Vampus<\/em>, Hanna Barbera, fanzines underground y de contenido pol\u00edtico, mucho rock&amp;roll, el cine cl\u00e1sico, de suspense y un largo, largo etc\u00e9tera.<\/p>\n<p style=\"text-align: justify\">Todo ello ha provocado una mezcla explosiva y muy personal en forma de vi\u00f1eta, c\u00f3mica, novela gr\u00e1fica y todo tipo de ilustraciones que salen de sus manos. Entre otros muchos trabajos, merece especial atenci\u00f3n su genial obra <a href=\"http:\/\/holasoydanigarcianieto.blogspot.com.es\/2010\/02\/historia-absurda-de-aragon.html\" target=\"_blank\" rel=\"noopener\"><strong>\u00abHistoria (absurda) de Arag\u00f3n\u00bb<\/strong><\/a>, una revisi\u00f3n en vi\u00f1etas de la Historia de nuestra regi\u00f3n que se remonta hasta casi al origen de lavida, desde la \u00e9poca Jur\u00e1sica hasta nuestra historia m\u00e1s reciente mezclando los personajes hist\u00f3ricos con los protagonistas de nuestra actualidad y otros personajes del c\u00f3mic y el tebeo, una maravilla sin lugar a dudas. Tambi\u00e9n son un deleite visual sus &#8216;<em>Hannabarberadas<\/em>&#8216;\u00a0 una especie de &#8216;w<em>hat if&#8230;?<\/em>&#8216; personal en el que nos presenta el resultado imaginario de c\u00f3mo hubiesen sido superh\u00e9roes cl\u00e1sicos como Wonder Woman, Iron Man, Superman, La Patrulla X o Batman si sus identidades reales fueran en realidad los personajes creados por Hanna-Barbera: Pepep\u00f3tamo, los Picapiedra, Don Gato o los Supers\u00f3nicos. Una mezcla de identidades muy curiosa.<\/p>\n<figure id=\"attachment_10791\" aria-describedby=\"caption-attachment-10791\" style=\"width: 625px\" class=\"wp-caption aligncenter\"><a href=\"http:\/\/madeinzaragoza.es\/blog\/wp-content\/uploads\/2016\/01\/hannabarberadas.jpg\"><img loading=\"lazy\" decoding=\"async\" class=\"size-full wp-image-10791\" src=\"http:\/\/madeinzaragoza.es\/blog\/wp-content\/uploads\/2016\/01\/hannabarberadas.jpg\" alt=\"Hannabarberadas\" width=\"625\" height=\"499\" srcset=\"http:\/\/madeinzaragoza.es\/blog\/wp-content\/uploads\/2016\/01\/hannabarberadas.jpg 625w, http:\/\/madeinzaragoza.es\/blog\/wp-content\/uploads\/2016\/01\/hannabarberadas-300x239.jpg 300w, http:\/\/madeinzaragoza.es\/blog\/wp-content\/uploads\/2016\/01\/hannabarberadas-180x143.jpg 180w, http:\/\/madeinzaragoza.es\/blog\/wp-content\/uploads\/2016\/01\/hannabarberadas-350x279.jpg 350w\" sizes=\"(max-width: 709px) 85vw, (max-width: 909px) 67vw, (max-width: 984px) 61vw, (max-width: 1362px) 45vw, 600px\" \/><\/a><figcaption id=\"caption-attachment-10791\" class=\"wp-caption-text\"><em>Hannabarberadas<\/em><\/figcaption><\/figure>\n<p style=\"text-align: justify\">Pero Dani tambi\u00e9n ha realizado otras obras de formato m\u00e1s largo, como fanzines, c\u00f3mics y novelas gr\u00e1ficas de corte pol\u00edtico y perod\u00edstico. Hay que destacar varios t\u00edtulos que ha elaborado a lo largo de su trayectoria profesional como \u00ab<em><strong>El Necrocomic\u00f3n<\/strong><\/em>\u00ab, \u00ab<em><strong>El segundo sexo<\/strong><\/em>\u00ab, \u00ab<em><strong>El manifiesto comunista<\/strong><\/em>\u00bb o \u00ab<em><strong>500 muertos por hora<\/strong><\/em>\u00bb un c\u00f3mic-reportaje sobre el terrible genocidio de Ruanda, en el que cuenta los hechos ocurridos en ese pa\u00eds entre abril y junio de 1994 cuando fueron asesinadas 800.000 personas. Sus obras tienen aire de denuncia social y pol\u00edtica, se centran en el feminismo y se acercan, en ocasiones, al g\u00e9nero fant\u00e1stico y de terror.<\/p>\n<p style=\"text-align: justify\">Otros de sus trabajos, son m\u00e1s pl\u00e1sticos y po\u00e9ticos. Puede resultar curiosos que un vi\u00f1etista con Dani haya desarrollado algunos poemas visuales de gran inter\u00e9s art\u00edstico. Tambi\u00e9n ilustraciones digitales, carteles y etiquetas comerciales son trabajos que realiza y que podemos descubrir en su web \u00ab<a href=\"http:\/\/www.elojoquemuerde.com\/\" target=\"_blank\" rel=\"noopener\"><strong>El ojo que muerde<\/strong><\/a>\u00ab, una especie de diario ilustrado donde publica muchas de sus obras, reflexiones y otros temas de su inter\u00e9s.<\/p>\n<p style=\"text-align: justify\"><a href=\"http:\/\/madeinzaragoza.es\/blog\/wp-content\/uploads\/2016\/01\/poemas.jpg\"><img loading=\"lazy\" decoding=\"async\" class=\"aligncenter size-full wp-image-10797\" src=\"http:\/\/madeinzaragoza.es\/blog\/wp-content\/uploads\/2016\/01\/poemas.jpg\" alt=\"poemas\" width=\"625\" height=\"264\" srcset=\"http:\/\/madeinzaragoza.es\/blog\/wp-content\/uploads\/2016\/01\/poemas.jpg 625w, http:\/\/madeinzaragoza.es\/blog\/wp-content\/uploads\/2016\/01\/poemas-300x126.jpg 300w, http:\/\/madeinzaragoza.es\/blog\/wp-content\/uploads\/2016\/01\/poemas-180x76.jpg 180w, http:\/\/madeinzaragoza.es\/blog\/wp-content\/uploads\/2016\/01\/poemas-350x147.jpg 350w\" sizes=\"(max-width: 709px) 85vw, (max-width: 909px) 67vw, (max-width: 984px) 61vw, (max-width: 1362px) 45vw, 600px\" \/><\/a><\/p>\n<p style=\"text-align: justify\">Ahora, <strong>Dani Garc\u00eda-Nieto<\/strong> es el primer creador que participa en el ciclo \u00ab<a href=\"http:\/\/madeinzaragoza.es\/blog\/corner-miz-objeto-de-deseo\/\" target=\"_blank\" rel=\"noopener\"><strong>Objeto de Deseo<\/strong><\/a>\u00bb y junto con el <a href=\"http:\/\/www.asociacionmalavida.com\/\" target=\"_blank\" rel=\"noopener\"><strong>colectivo Malavida<\/strong><\/a> va a realizar una intervenci\u00f3n ef\u00edmera en las paredes de C\u00f3rner MIZ. La intervenci\u00f3n en formato de novela gr\u00e1fica sobre pared est\u00e1 compuesta de vi\u00f1etas gr\u00e1ficas y mucho ingenio y ser\u00e1 dibujada en directo en el espacio <strong>C\u00f3rner MIZ<\/strong>.<\/p>\n<p style=\"text-align: justify\">Si quieres descubrir algo m\u00e1s sobre las historietas de Dani Garc\u00eda-Nieto y los Malavida, no dudes en venir a verlos trabajar en directo el martes 2 de febrero por la tarde, en Zaragoza Activa (La Azucarera).<\/p>\n","protected":false},"excerpt":{"rendered":"<p>Objeto de Deseo I: Dani Garc\u00eda-Nieto Daniel Garc\u00eda-Nieto es periodista, dibujante y chistoso. As\u00ed es como se define \u00e9l mismo en una de sus p\u00e1ginas web en las que publica sus trabajos con regularidad. Dani es periodista, trabaja como redactor en El Peri\u00f3dico de Arag\u00f3n, publica con regularidad desde hace m\u00e1s de doce a\u00f1os en &hellip; <a href=\"http:\/\/madeinzaragoza.es\/blog\/dani-garcia-nieto-vinetas-humor-grafico-y-mucho-mas\/\" class=\"more-link\">Continuar leyendo<span class=\"screen-reader-text\"> \u00abDani Garc\u00eda-Nieto: vi\u00f1etas, humor gr\u00e1fico y mucho m\u00e1s.\u00bb<\/span><\/a><\/p>\n","protected":false},"author":36,"featured_media":10790,"comment_status":"open","ping_status":"open","sticky":false,"template":"","format":"standard","meta":{"footnotes":""},"categories":[831,829],"tags":[],"yoast_head":"<!-- This site is optimized with the Yoast SEO plugin v19.7.2 - https:\/\/yoast.com\/wordpress\/plugins\/seo\/ -->\n<title>Dani Garc\u00eda-Nieto: vi\u00f1etas, humor gr\u00e1fico y mucho m\u00e1s. - Made in Zaragoza<\/title>\n<meta name=\"robots\" content=\"index, follow, max-snippet:-1, max-image-preview:large, max-video-preview:-1\" \/>\n<link rel=\"canonical\" href=\"http:\/\/madeinzaragoza.es\/blog\/dani-garcia-nieto-vinetas-humor-grafico-y-mucho-mas\/\" \/>\n<meta property=\"og:locale\" content=\"es_ES\" \/>\n<meta property=\"og:type\" content=\"article\" \/>\n<meta property=\"og:title\" content=\"Dani Garc\u00eda-Nieto: vi\u00f1etas, humor gr\u00e1fico y mucho m\u00e1s. - Made in Zaragoza\" \/>\n<meta property=\"og:description\" content=\"Objeto de Deseo I: Dani Garc\u00eda-Nieto Daniel Garc\u00eda-Nieto es periodista, dibujante y chistoso. As\u00ed es como se define \u00e9l mismo en una de sus p\u00e1ginas web en las que publica sus trabajos con regularidad. Dani es periodista, trabaja como redactor en El Peri\u00f3dico de Arag\u00f3n, publica con regularidad desde hace m\u00e1s de doce a\u00f1os en &hellip; Continuar leyendo &quot;Dani Garc\u00eda-Nieto: vi\u00f1etas, humor gr\u00e1fico y mucho m\u00e1s.&quot;\" \/>\n<meta property=\"og:url\" content=\"http:\/\/madeinzaragoza.es\/blog\/dani-garcia-nieto-vinetas-humor-grafico-y-mucho-mas\/\" \/>\n<meta property=\"og:site_name\" content=\"Made in Zaragoza\" \/>\n<meta property=\"article:publisher\" content=\"https:\/\/www.facebook.com\/madeinzaragoza.es\/\" \/>\n<meta property=\"article:author\" content=\"zarayorkers\" \/>\n<meta property=\"article:published_time\" content=\"2016-02-01T15:52:16+00:00\" \/>\n<meta property=\"article:modified_time\" content=\"2022-10-09T13:50:24+00:00\" \/>\n<meta property=\"og:image\" content=\"http:\/\/madeinzaragoza.es\/blog\/wp-content\/uploads\/2016\/01\/portada1.jpg\" \/>\n\t<meta property=\"og:image:width\" content=\"650\" \/>\n\t<meta property=\"og:image:height\" content=\"280\" \/>\n\t<meta property=\"og:image:type\" content=\"image\/jpeg\" \/>\n<meta name=\"author\" content=\"Sergio Sevilla\" \/>\n<meta name=\"twitter:card\" content=\"summary\" \/>\n<meta name=\"twitter:creator\" content=\"@madeinzaragoza\" \/>\n<meta name=\"twitter:site\" content=\"@madeinzaragoza\" \/>\n<meta name=\"twitter:label1\" content=\"Escrito por\" \/>\n\t<meta name=\"twitter:data1\" content=\"Sergio Sevilla\" \/>\n\t<meta name=\"twitter:label2\" content=\"Tiempo de lectura\" \/>\n\t<meta name=\"twitter:data2\" content=\"5 minutos\" \/>\n<script type=\"application\/ld+json\" class=\"yoast-schema-graph\">{\"@context\":\"https:\/\/schema.org\",\"@graph\":[{\"@type\":\"Article\",\"@id\":\"http:\/\/madeinzaragoza.es\/blog\/dani-garcia-nieto-vinetas-humor-grafico-y-mucho-mas\/#article\",\"isPartOf\":{\"@id\":\"http:\/\/madeinzaragoza.es\/blog\/dani-garcia-nieto-vinetas-humor-grafico-y-mucho-mas\/\"},\"author\":{\"name\":\"Sergio Sevilla\",\"@id\":\"https:\/\/madeinzaragoza.es\/blog\/#\/schema\/person\/fd836a8fe1177b6200bc8deffc3ad342\"},\"headline\":\"Dani Garc\u00eda-Nieto: vi\u00f1etas, humor gr\u00e1fico y mucho m\u00e1s.\",\"datePublished\":\"2016-02-01T15:52:16+00:00\",\"dateModified\":\"2022-10-09T13:50:24+00:00\",\"mainEntityOfPage\":{\"@id\":\"http:\/\/madeinzaragoza.es\/blog\/dani-garcia-nieto-vinetas-humor-grafico-y-mucho-mas\/\"},\"wordCount\":978,\"commentCount\":0,\"publisher\":{\"@id\":\"https:\/\/madeinzaragoza.es\/blog\/#organization\"},\"articleSection\":[\"CornerMIZ\",\"Cultura\"],\"inLanguage\":\"es\",\"potentialAction\":[{\"@type\":\"CommentAction\",\"name\":\"Comment\",\"target\":[\"http:\/\/madeinzaragoza.es\/blog\/dani-garcia-nieto-vinetas-humor-grafico-y-mucho-mas\/#respond\"]}]},{\"@type\":\"WebPage\",\"@id\":\"http:\/\/madeinzaragoza.es\/blog\/dani-garcia-nieto-vinetas-humor-grafico-y-mucho-mas\/\",\"url\":\"http:\/\/madeinzaragoza.es\/blog\/dani-garcia-nieto-vinetas-humor-grafico-y-mucho-mas\/\",\"name\":\"Dani Garc\u00eda-Nieto: vi\u00f1etas, humor gr\u00e1fico y mucho m\u00e1s. - Made in Zaragoza\",\"isPartOf\":{\"@id\":\"https:\/\/madeinzaragoza.es\/blog\/#website\"},\"datePublished\":\"2016-02-01T15:52:16+00:00\",\"dateModified\":\"2022-10-09T13:50:24+00:00\",\"breadcrumb\":{\"@id\":\"http:\/\/madeinzaragoza.es\/blog\/dani-garcia-nieto-vinetas-humor-grafico-y-mucho-mas\/#breadcrumb\"},\"inLanguage\":\"es\",\"potentialAction\":[{\"@type\":\"ReadAction\",\"target\":[\"http:\/\/madeinzaragoza.es\/blog\/dani-garcia-nieto-vinetas-humor-grafico-y-mucho-mas\/\"]}]},{\"@type\":\"BreadcrumbList\",\"@id\":\"http:\/\/madeinzaragoza.es\/blog\/dani-garcia-nieto-vinetas-humor-grafico-y-mucho-mas\/#breadcrumb\",\"itemListElement\":[{\"@type\":\"ListItem\",\"position\":1,\"name\":\"Portada\",\"item\":\"https:\/\/madeinzaragoza.es\/blog\/\"},{\"@type\":\"ListItem\",\"position\":2,\"name\":\"Dani Garc\u00eda-Nieto: vi\u00f1etas, humor gr\u00e1fico y mucho m\u00e1s.\"}]},{\"@type\":\"WebSite\",\"@id\":\"https:\/\/madeinzaragoza.es\/blog\/#website\",\"url\":\"https:\/\/madeinzaragoza.es\/blog\/\",\"name\":\"Made in Zaragoza\",\"description\":\"Blog de MadeinZGZ, Red de Econom\u00eda Creativa de Zaragoza\",\"publisher\":{\"@id\":\"https:\/\/madeinzaragoza.es\/blog\/#organization\"},\"potentialAction\":[{\"@type\":\"SearchAction\",\"target\":{\"@type\":\"EntryPoint\",\"urlTemplate\":\"https:\/\/madeinzaragoza.es\/blog\/?s={search_term_string}\"},\"query-input\":\"required name=search_term_string\"}],\"inLanguage\":\"es\"},{\"@type\":\"Organization\",\"@id\":\"https:\/\/madeinzaragoza.es\/blog\/#organization\",\"name\":\"Made In Zaragoza\",\"url\":\"https:\/\/madeinzaragoza.es\/blog\/\",\"sameAs\":[\"https:\/\/www.instagram.com\/madeinzaragoza.es\/\",\"https:\/\/www.facebook.com\/madeinzaragoza.es\/\",\"https:\/\/twitter.com\/madeinzaragoza\"],\"logo\":{\"@type\":\"ImageObject\",\"inLanguage\":\"es\",\"@id\":\"https:\/\/madeinzaragoza.es\/blog\/#\/schema\/logo\/image\/\",\"url\":\"https:\/\/madeinzaragoza.es\/blog\/wp-content\/uploads\/2022\/05\/logo.png\",\"contentUrl\":\"https:\/\/madeinzaragoza.es\/blog\/wp-content\/uploads\/2022\/05\/logo.png\",\"width\":193,\"height\":176,\"caption\":\"Made In Zaragoza\"},\"image\":{\"@id\":\"https:\/\/madeinzaragoza.es\/blog\/#\/schema\/logo\/image\/\"}},{\"@type\":\"Person\",\"@id\":\"https:\/\/madeinzaragoza.es\/blog\/#\/schema\/person\/fd836a8fe1177b6200bc8deffc3ad342\",\"name\":\"Sergio Sevilla\",\"image\":{\"@type\":\"ImageObject\",\"inLanguage\":\"es\",\"@id\":\"https:\/\/madeinzaragoza.es\/blog\/#\/schema\/person\/image\/\",\"url\":\"http:\/\/1.gravatar.com\/avatar\/4a59e3901b7e749c4e3750c4fd5d0b43?s=96&d=mm&r=g\",\"contentUrl\":\"http:\/\/1.gravatar.com\/avatar\/4a59e3901b7e749c4e3750c4fd5d0b43?s=96&d=mm&r=g\",\"caption\":\"Sergio Sevilla\"},\"description\":\"Gesti\u00f3n e Innovaci\u00f3n cultural (I+C) Mi trabajo se basa en la b\u00fasqueda de conexiones culturales en espacios de tr\u00e1nsito. Soy director y programador de proyectos culturales. He coordinado el espacio C\u00f3rner MIZ de Made in Zaragoza y, en la actualidad, me dedico a investigar, documentar y poner en valor el muralismo cer\u00e1mico de los a\u00f1os 60, 70 y 80 de Zaragoza y su relaci\u00f3n con los entornos arquitect\u00f3nicos y decorativos de la \u00e9poca. Descubre el perfil de @ZaragozaModerna en Instagram. Take a walk on the Art side.\",\"sameAs\":[\"zarayorkers\",\"@zaragozamoderna\",\"\/sergiosevillatabernero\"],\"url\":\"http:\/\/madeinzaragoza.es\/blog\/author\/sergiosevilla\/\"}]}<\/script>\n<!-- \/ Yoast SEO plugin. -->","yoast_head_json":{"title":"Dani Garc\u00eda-Nieto: vi\u00f1etas, humor gr\u00e1fico y mucho m\u00e1s. - Made in Zaragoza","robots":{"index":"index","follow":"follow","max-snippet":"max-snippet:-1","max-image-preview":"max-image-preview:large","max-video-preview":"max-video-preview:-1"},"canonical":"http:\/\/madeinzaragoza.es\/blog\/dani-garcia-nieto-vinetas-humor-grafico-y-mucho-mas\/","og_locale":"es_ES","og_type":"article","og_title":"Dani Garc\u00eda-Nieto: vi\u00f1etas, humor gr\u00e1fico y mucho m\u00e1s. - Made in Zaragoza","og_description":"Objeto de Deseo I: Dani Garc\u00eda-Nieto Daniel Garc\u00eda-Nieto es periodista, dibujante y chistoso. As\u00ed es como se define \u00e9l mismo en una de sus p\u00e1ginas web en las que publica sus trabajos con regularidad. Dani es periodista, trabaja como redactor en El Peri\u00f3dico de Arag\u00f3n, publica con regularidad desde hace m\u00e1s de doce a\u00f1os en &hellip; Continuar leyendo \"Dani Garc\u00eda-Nieto: vi\u00f1etas, humor gr\u00e1fico y mucho m\u00e1s.\"","og_url":"http:\/\/madeinzaragoza.es\/blog\/dani-garcia-nieto-vinetas-humor-grafico-y-mucho-mas\/","og_site_name":"Made in Zaragoza","article_publisher":"https:\/\/www.facebook.com\/madeinzaragoza.es\/","article_author":"zarayorkers","article_published_time":"2016-02-01T15:52:16+00:00","article_modified_time":"2022-10-09T13:50:24+00:00","og_image":[{"width":650,"height":280,"url":"http:\/\/madeinzaragoza.es\/blog\/wp-content\/uploads\/2016\/01\/portada1.jpg","type":"image\/jpeg"}],"author":"Sergio Sevilla","twitter_card":"summary","twitter_creator":"@madeinzaragoza","twitter_site":"@madeinzaragoza","twitter_misc":{"Escrito por":"Sergio Sevilla","Tiempo de lectura":"5 minutos"},"schema":{"@context":"https:\/\/schema.org","@graph":[{"@type":"Article","@id":"http:\/\/madeinzaragoza.es\/blog\/dani-garcia-nieto-vinetas-humor-grafico-y-mucho-mas\/#article","isPartOf":{"@id":"http:\/\/madeinzaragoza.es\/blog\/dani-garcia-nieto-vinetas-humor-grafico-y-mucho-mas\/"},"author":{"name":"Sergio Sevilla","@id":"https:\/\/madeinzaragoza.es\/blog\/#\/schema\/person\/fd836a8fe1177b6200bc8deffc3ad342"},"headline":"Dani Garc\u00eda-Nieto: vi\u00f1etas, humor gr\u00e1fico y mucho m\u00e1s.","datePublished":"2016-02-01T15:52:16+00:00","dateModified":"2022-10-09T13:50:24+00:00","mainEntityOfPage":{"@id":"http:\/\/madeinzaragoza.es\/blog\/dani-garcia-nieto-vinetas-humor-grafico-y-mucho-mas\/"},"wordCount":978,"commentCount":0,"publisher":{"@id":"https:\/\/madeinzaragoza.es\/blog\/#organization"},"articleSection":["CornerMIZ","Cultura"],"inLanguage":"es","potentialAction":[{"@type":"CommentAction","name":"Comment","target":["http:\/\/madeinzaragoza.es\/blog\/dani-garcia-nieto-vinetas-humor-grafico-y-mucho-mas\/#respond"]}]},{"@type":"WebPage","@id":"http:\/\/madeinzaragoza.es\/blog\/dani-garcia-nieto-vinetas-humor-grafico-y-mucho-mas\/","url":"http:\/\/madeinzaragoza.es\/blog\/dani-garcia-nieto-vinetas-humor-grafico-y-mucho-mas\/","name":"Dani Garc\u00eda-Nieto: vi\u00f1etas, humor gr\u00e1fico y mucho m\u00e1s. - Made in Zaragoza","isPartOf":{"@id":"https:\/\/madeinzaragoza.es\/blog\/#website"},"datePublished":"2016-02-01T15:52:16+00:00","dateModified":"2022-10-09T13:50:24+00:00","breadcrumb":{"@id":"http:\/\/madeinzaragoza.es\/blog\/dani-garcia-nieto-vinetas-humor-grafico-y-mucho-mas\/#breadcrumb"},"inLanguage":"es","potentialAction":[{"@type":"ReadAction","target":["http:\/\/madeinzaragoza.es\/blog\/dani-garcia-nieto-vinetas-humor-grafico-y-mucho-mas\/"]}]},{"@type":"BreadcrumbList","@id":"http:\/\/madeinzaragoza.es\/blog\/dani-garcia-nieto-vinetas-humor-grafico-y-mucho-mas\/#breadcrumb","itemListElement":[{"@type":"ListItem","position":1,"name":"Portada","item":"https:\/\/madeinzaragoza.es\/blog\/"},{"@type":"ListItem","position":2,"name":"Dani Garc\u00eda-Nieto: vi\u00f1etas, humor gr\u00e1fico y mucho m\u00e1s."}]},{"@type":"WebSite","@id":"https:\/\/madeinzaragoza.es\/blog\/#website","url":"https:\/\/madeinzaragoza.es\/blog\/","name":"Made in Zaragoza","description":"Blog de MadeinZGZ, Red de Econom\u00eda Creativa de Zaragoza","publisher":{"@id":"https:\/\/madeinzaragoza.es\/blog\/#organization"},"potentialAction":[{"@type":"SearchAction","target":{"@type":"EntryPoint","urlTemplate":"https:\/\/madeinzaragoza.es\/blog\/?s={search_term_string}"},"query-input":"required name=search_term_string"}],"inLanguage":"es"},{"@type":"Organization","@id":"https:\/\/madeinzaragoza.es\/blog\/#organization","name":"Made In Zaragoza","url":"https:\/\/madeinzaragoza.es\/blog\/","sameAs":["https:\/\/www.instagram.com\/madeinzaragoza.es\/","https:\/\/www.facebook.com\/madeinzaragoza.es\/","https:\/\/twitter.com\/madeinzaragoza"],"logo":{"@type":"ImageObject","inLanguage":"es","@id":"https:\/\/madeinzaragoza.es\/blog\/#\/schema\/logo\/image\/","url":"https:\/\/madeinzaragoza.es\/blog\/wp-content\/uploads\/2022\/05\/logo.png","contentUrl":"https:\/\/madeinzaragoza.es\/blog\/wp-content\/uploads\/2022\/05\/logo.png","width":193,"height":176,"caption":"Made In Zaragoza"},"image":{"@id":"https:\/\/madeinzaragoza.es\/blog\/#\/schema\/logo\/image\/"}},{"@type":"Person","@id":"https:\/\/madeinzaragoza.es\/blog\/#\/schema\/person\/fd836a8fe1177b6200bc8deffc3ad342","name":"Sergio Sevilla","image":{"@type":"ImageObject","inLanguage":"es","@id":"https:\/\/madeinzaragoza.es\/blog\/#\/schema\/person\/image\/","url":"http:\/\/1.gravatar.com\/avatar\/4a59e3901b7e749c4e3750c4fd5d0b43?s=96&d=mm&r=g","contentUrl":"http:\/\/1.gravatar.com\/avatar\/4a59e3901b7e749c4e3750c4fd5d0b43?s=96&d=mm&r=g","caption":"Sergio Sevilla"},"description":"Gesti\u00f3n e Innovaci\u00f3n cultural (I+C) Mi trabajo se basa en la b\u00fasqueda de conexiones culturales en espacios de tr\u00e1nsito. Soy director y programador de proyectos culturales. He coordinado el espacio C\u00f3rner MIZ de Made in Zaragoza y, en la actualidad, me dedico a investigar, documentar y poner en valor el muralismo cer\u00e1mico de los a\u00f1os 60, 70 y 80 de Zaragoza y su relaci\u00f3n con los entornos arquitect\u00f3nicos y decorativos de la \u00e9poca. Descubre el perfil de @ZaragozaModerna en Instagram. Take a walk on the Art side.","sameAs":["zarayorkers","@zaragozamoderna","\/sergiosevillatabernero"],"url":"http:\/\/madeinzaragoza.es\/blog\/author\/sergiosevilla\/"}]}},"_links":{"self":[{"href":"http:\/\/madeinzaragoza.es\/blog\/wp-json\/wp\/v2\/posts\/10783"}],"collection":[{"href":"http:\/\/madeinzaragoza.es\/blog\/wp-json\/wp\/v2\/posts"}],"about":[{"href":"http:\/\/madeinzaragoza.es\/blog\/wp-json\/wp\/v2\/types\/post"}],"author":[{"embeddable":true,"href":"http:\/\/madeinzaragoza.es\/blog\/wp-json\/wp\/v2\/users\/36"}],"replies":[{"embeddable":true,"href":"http:\/\/madeinzaragoza.es\/blog\/wp-json\/wp\/v2\/comments?post=10783"}],"version-history":[{"count":20,"href":"http:\/\/madeinzaragoza.es\/blog\/wp-json\/wp\/v2\/posts\/10783\/revisions"}],"predecessor-version":[{"id":35929,"href":"http:\/\/madeinzaragoza.es\/blog\/wp-json\/wp\/v2\/posts\/10783\/revisions\/35929"}],"wp:featuredmedia":[{"embeddable":true,"href":"http:\/\/madeinzaragoza.es\/blog\/wp-json\/wp\/v2\/media\/10790"}],"wp:attachment":[{"href":"http:\/\/madeinzaragoza.es\/blog\/wp-json\/wp\/v2\/media?parent=10783"}],"wp:term":[{"taxonomy":"category","embeddable":true,"href":"http:\/\/madeinzaragoza.es\/blog\/wp-json\/wp\/v2\/categories?post=10783"},{"taxonomy":"post_tag","embeddable":true,"href":"http:\/\/madeinzaragoza.es\/blog\/wp-json\/wp\/v2\/tags?post=10783"}],"curies":[{"name":"wp","href":"https:\/\/api.w.org\/{rel}","templated":true}]}}