{"id":10757,"date":"2016-02-02T21:35:12","date_gmt":"2016-02-02T20:35:12","guid":{"rendered":"http:\/\/madeinzaragoza.es\/blog\/?p=10757"},"modified":"2016-02-24T08:10:51","modified_gmt":"2016-02-24T07:10:51","slug":"retratoscreativoszgz-oscar-sanmartin","status":"publish","type":"post","link":"http:\/\/madeinzaragoza.es\/blog\/retratoscreativoszgz-oscar-sanmartin\/","title":{"rendered":"#RetratosCreativosZgz | Oscar Sanmartin"},"content":{"rendered":"<p><img loading=\"lazy\" decoding=\"async\" class=\"aligncenter size-full wp-image-10758\" src=\"http:\/\/madeinzaragoza.es\/blog\/wp-content\/uploads\/2016\/01\/san1.jpg\" alt=\"#RetratosCreativosZgz | Oscar Sanmartin\" width=\"504\" height=\"402\" srcset=\"http:\/\/madeinzaragoza.es\/blog\/wp-content\/uploads\/2016\/01\/san1.jpg 504w, http:\/\/madeinzaragoza.es\/blog\/wp-content\/uploads\/2016\/01\/san1-300x239.jpg 300w, http:\/\/madeinzaragoza.es\/blog\/wp-content\/uploads\/2016\/01\/san1-180x143.jpg 180w, http:\/\/madeinzaragoza.es\/blog\/wp-content\/uploads\/2016\/01\/san1-350x279.jpg 350w\" sizes=\"(max-width: 504px) 85vw, 504px\" \/><\/p>\n<p>Os proponemos <strong>explorar Zaragoza a trav\u00e9s de los ojos de sus residentes m\u00e1s creativos<\/strong>.<\/p>\n<p>Tras a\u00f1os de mostraros lugares y eventos interesantes, ahora queremos ofreceros una nueva perspectiva, y conocer los consejos y opiniones de gente que nos ayudar\u00e1 a mirar y comprender nuestra ciudad como realmente es, alej\u00e1ndonos de cualquier tipo de clich\u00e9.<\/p>\n<p>A trav\u00e9s de estos encuentros, con personas de diferentes perfiles y profesiones, vamos a asegurarnos que el contenido de nuestra gu\u00eda ofrece una mirada honesta y sincera de la vida urbana zaragozana.<\/p>\n<p>Cada dos semanas, publicaremos<strong> un nuevo \u201cretrato\u201d<\/strong> <strong>de un residente que nos inspira<\/strong>, en el que nos hablar\u00e1 de sus proyectos, su trayectoria profesional, y compartir\u00e1 con todos nosotros su visi\u00f3n de la ciudad en la que vive.<\/p>\n<p>Hoy nos reunimos con el ilustrador <strong>Oscar Sanmartin<\/strong>.<\/p>\n<p>43 a\u00f1os. Zaragozano. Intenta ver el lado divertido, tanto de la vida, como del trabajo. Oscar Sanmartin se define como <strong>dibujante, modelista y dise\u00f1ador gr\u00e1fico<\/strong>, adem\u00e1s de <strong>ilustrador<\/strong>.<\/p>\n<p>Curs\u00f3\u00a0BUP y COU con la intenci\u00f3n de\u00a0estudiar\u00a0Bellas Artes, pero le suspendieron en la prueba\u00a0de acceso. As\u00ed que se matricul\u00f3 en la<strong> Escuela Profesional de Arte Bel\u00e9n Tapia<\/strong> en Zaragoza, para preparar su\u00a0ingreso al a\u00f1o siguiente. Sin embargo decidi\u00f3 continuar su formaci\u00f3n en esa escuela y Bel\u00e9n Tapia\u00a0se convirti\u00f3 en su maestra.<\/p>\n<p><iframe loading=\"lazy\" src=\"https:\/\/player.vimeo.com\/video\/143624113?title=0&amp;byline=0&amp;portrait=0\" width=\"620\" height=\"335\" frameborder=\"0\" allowfullscreen=\"allowfullscreen\"><\/iframe><\/p>\n<p>Hace a\u00f1os, cuando se dedicaba al arte, expon\u00eda en galer\u00edas, tanto en Espa\u00f1a como en el extranjero.\u00a0Durante mucho tiempo tambi\u00e9n colabor\u00f3\u00a0en\u00a0actividades relacionadas con el cine, la televisi\u00f3n o la escenograf\u00eda teatral. En la actualidad\u00a0est\u00e1 entregado pr\u00e1cticamente en exclusiva al dise\u00f1o editorial y a la ilustraci\u00f3n.<\/p>\n<p>Ahora expone puntualmente, en lugares con los que tiene alg\u00fan vinculo o le parecen divertidos, como en el <a href=\"https:\/\/www.facebook.com\/cursos.petula.plas\/?fref=ts\" target=\"_blank\">Taller de P\u00e9tula Plas<\/a>\u00a0o pr\u00f3ximamente en <a href=\"https:\/\/www.facebook.com\/Enlatamus\/?fref=ts\" target=\"_blank\">Enlatamus<\/a>.<\/p>\n<p>\u00bf<strong>C\u00f3mo te definir\u00edas en tres palabras<\/strong>?<\/p>\n<p>Dibujante, modelista y mentiroso.<\/p>\n<p><strong>Tu lema<\/strong>\u2026<\/p>\n<p>Si no te vas a divertir, no lo hagas.<\/p>\n<p>\u00bf<strong>Qu\u00e9 te motiva o qu\u00e9 te inspira<\/strong>?<\/p>\n<p>Yo parto siempre de las cosas que me gustaban cuando era peque\u00f1o, en los a\u00f1os 70 y 80, como por ejemplo los libros de cuentos, los dibujos animados, los\u00a0c\u00f3mics o los juguetes. Por otro lado, me apasiona\u00a0la literatura fant\u00e1stica y la m\u00fasica.<\/p>\n<p>\u00bf<strong>Cu\u00e1l es el hilo conductor de tu trabajo<\/strong>?<\/p>\n<p>A mi lo que me interesa es <strong>la idea del trabajo creativo como forma de descubrimiento<\/strong>. Fundamentalmente, lo que intento es resolver un misterio. Me gusta trabajar con conceptos que no comprendo muy bien. Creo que eso es lo mas interesante del proceso creativo, cuando trabajas en algo que no llegas a entender.<\/p>\n<p><iframe loading=\"lazy\" src=\"https:\/\/player.vimeo.com\/video\/95446715?title=0&amp;byline=0&amp;portrait=0\" width=\"620\" height=\"335\" frameborder=\"0\" allowfullscreen=\"allowfullscreen\"><\/iframe><\/p>\n<p><strong>\u00bfQue te atrae de Zaragoza? \u00bfque te hace quedarte en ella?<\/strong><\/p>\n<p>Es una relaci\u00f3n de amor-odio.\u00a0Amor porque es la ciudad donde he nacido y crecido, donde est\u00e1n mis recuerdos, mi familia y mis amigos. Y odio porque es una ciudad donde existe una vocaci\u00f3n milenaria por la mediocridad.<\/p>\n<p>Hemos asumido nuestra condici\u00f3n de sitio de paso, de cruce de caminos, y nos hemos acostumbrado a que es mejor no destacar. Cualquier intento de hacer algo diferente se convierte en algo que no perdonamos.<\/p>\n<p>Aunque creo que en los \u00faltimos tiempos, algo esta cambiando.<\/p>\n<p>\u00bf<strong>Tienes alg\u00fan barrio favorito<\/strong>?<\/p>\n<p>El escenario de mi infancia, la Ciudad Jard\u00edn.<\/p>\n<p><strong>Si nos invitaras a tu casa a comer \u00bfqu\u00e9 nos preparar\u00edas?<\/strong><\/p>\n<p>Men\u00fa infantil: espaguetis y carne empanada.<\/p>\n<p>\u00bf<strong>Cual es tu museo o sala de exposiciones preferida<\/strong>?<\/p>\n<p>Uno de mis lugares favoritos\u00a0en Zaragoza es el <a href=\"http:\/\/www.zaragoza.es\/ciudad\/museos\/es\/gargallo\" target=\"_blank\">Museo Pablo Gargallo<\/a>. La obra de Pablo Gargallo me parece muy interesante y creo que la adaptaci\u00f3n que se ha hecho del Palacio de los Condes de Argillo en un lugar expositivo es brillante.<\/p>\n<p><img loading=\"lazy\" decoding=\"async\" class=\"aligncenter size-full wp-image-10759\" src=\"http:\/\/madeinzaragoza.es\/blog\/wp-content\/uploads\/2016\/01\/san2.jpg\" alt=\"san2\" width=\"558\" height=\"455\" srcset=\"http:\/\/madeinzaragoza.es\/blog\/wp-content\/uploads\/2016\/01\/san2.jpg 558w, http:\/\/madeinzaragoza.es\/blog\/wp-content\/uploads\/2016\/01\/san2-300x244.jpg 300w, http:\/\/madeinzaragoza.es\/blog\/wp-content\/uploads\/2016\/01\/san2-180x146.jpg 180w, http:\/\/madeinzaragoza.es\/blog\/wp-content\/uploads\/2016\/01\/san2-350x285.jpg 350w\" sizes=\"(max-width: 558px) 85vw, 558px\" \/><\/p>\n<p>\u00bf<strong>Cual es el destino de tu pr\u00f3ximo viaje<\/strong>?<\/p>\n<p>A Barcelona, a presentar un libro. Pero me encantar\u00eda ir este verano a Normand\u00eda.<\/p>\n<p><strong>Agenda de Direcciones<\/strong><\/p>\n<p><a href=\"http:\/\/zaragozaguia.com\/conversamos-con-penelope-sarinena-propietaria-de-brigadoon-independent-gift-shop\/\" target=\"_blank\">Brigadoon<\/a> (Calle San Miguel 50, entrada por All\u00fae Salvador), me parece un sitio muy divertido y diferente, donde puedes encontrar regalos originales, sin ser elitista.<\/p>\n<p>El puesto de comida\u00a0del <strong>Mercado de Arzobispo Domenech<\/strong>, un sitio muy sencillo, con una peque\u00f1a terraza, que sirve alta cocina a un precio muy econ\u00f3mico.<\/p>\n<p>Los proyectos de <strong>Oscar Sanmartin<\/strong>\u00a0se puede visitar de manera virtual <a href=\"http:\/\/www.oscarsanmartin.com\/\" target=\"_blank\">a trav\u00e9s de su p\u00e1gina web<\/a>.<\/p>\n","protected":false},"excerpt":{"rendered":"<p>Os proponemos explorar Zaragoza a trav\u00e9s de los ojos de sus residentes m\u00e1s creativos. Tras a\u00f1os de mostraros lugares y eventos interesantes, ahora queremos ofreceros una nueva perspectiva, y conocer los consejos y opiniones de gente que nos ayudar\u00e1 a mirar y comprender nuestra ciudad como realmente es, alej\u00e1ndonos de cualquier tipo de clich\u00e9. A &hellip; <a href=\"http:\/\/madeinzaragoza.es\/blog\/retratoscreativoszgz-oscar-sanmartin\/\" class=\"more-link\">Continuar leyendo<span class=\"screen-reader-text\"> \u00ab#RetratosCreativosZgz | Oscar Sanmartin\u00bb<\/span><\/a><\/p>\n","protected":false},"author":2,"featured_media":10758,"comment_status":"open","ping_status":"open","sticky":false,"template":"","format":"standard","meta":{"footnotes":""},"categories":[6],"tags":[],"yoast_head":"<!-- This site is optimized with the Yoast SEO plugin v19.7.2 - https:\/\/yoast.com\/wordpress\/plugins\/seo\/ -->\n<title>#RetratosCreativosZgz | Oscar Sanmartin - Made in Zaragoza<\/title>\n<meta name=\"description\" content=\"Hoy hemos estado con Oscar Sanmartin, dibujante, modelista y dise\u00f1ador gr\u00e1fico, adem\u00e1s de ilustrador.\" \/>\n<meta name=\"robots\" content=\"index, follow, max-snippet:-1, max-image-preview:large, max-video-preview:-1\" \/>\n<link rel=\"canonical\" href=\"https:\/\/madeinzaragoza.es\/blog\/retratoscreativoszgz-oscar-sanmartin\/\" \/>\n<meta property=\"og:locale\" content=\"es_ES\" \/>\n<meta property=\"og:type\" content=\"article\" \/>\n<meta property=\"og:title\" content=\"#RetratosCreativosZgz | Oscar Sanmartin - Made in Zaragoza\" \/>\n<meta property=\"og:description\" content=\"Hoy hemos estado con Oscar Sanmartin, dibujante, modelista y dise\u00f1ador gr\u00e1fico, adem\u00e1s de ilustrador.\" \/>\n<meta property=\"og:url\" content=\"https:\/\/madeinzaragoza.es\/blog\/retratoscreativoszgz-oscar-sanmartin\/\" \/>\n<meta property=\"og:site_name\" content=\"Made in Zaragoza\" \/>\n<meta property=\"article:publisher\" content=\"https:\/\/www.facebook.com\/madeinzaragoza.es\/\" \/>\n<meta property=\"article:author\" content=\"zaragoza.guia.2\" \/>\n<meta property=\"article:published_time\" content=\"2016-02-02T20:35:12+00:00\" \/>\n<meta property=\"article:modified_time\" content=\"2016-02-24T07:10:51+00:00\" \/>\n<meta property=\"og:image\" content=\"https:\/\/madeinzaragoza.es\/blog\/wp-content\/uploads\/2016\/01\/san1.jpg\" \/>\n\t<meta property=\"og:image:width\" content=\"504\" \/>\n\t<meta property=\"og:image:height\" content=\"402\" \/>\n\t<meta property=\"og:image:type\" content=\"image\/jpeg\" \/>\n<meta name=\"author\" content=\"David Gimenez\" \/>\n<meta name=\"twitter:card\" content=\"summary\" \/>\n<meta name=\"twitter:creator\" content=\"@zgzguia\" \/>\n<meta name=\"twitter:site\" content=\"@madeinzaragoza\" \/>\n<meta name=\"twitter:label1\" content=\"Escrito por\" \/>\n\t<meta name=\"twitter:data1\" content=\"David Gimenez\" \/>\n\t<meta name=\"twitter:label2\" content=\"Tiempo de lectura\" \/>\n\t<meta name=\"twitter:data2\" content=\"4 minutos\" \/>\n<script type=\"application\/ld+json\" class=\"yoast-schema-graph\">{\"@context\":\"https:\/\/schema.org\",\"@graph\":[{\"@type\":\"Article\",\"@id\":\"https:\/\/madeinzaragoza.es\/blog\/retratoscreativoszgz-oscar-sanmartin\/#article\",\"isPartOf\":{\"@id\":\"https:\/\/madeinzaragoza.es\/blog\/retratoscreativoszgz-oscar-sanmartin\/\"},\"author\":{\"name\":\"David Gimenez\",\"@id\":\"https:\/\/madeinzaragoza.es\/blog\/#\/schema\/person\/2ac8fd02012df8dffd581d7caebbde48\"},\"headline\":\"#RetratosCreativosZgz | Oscar Sanmartin\",\"datePublished\":\"2016-02-02T20:35:12+00:00\",\"dateModified\":\"2016-02-24T07:10:51+00:00\",\"mainEntityOfPage\":{\"@id\":\"https:\/\/madeinzaragoza.es\/blog\/retratoscreativoszgz-oscar-sanmartin\/\"},\"wordCount\":745,\"commentCount\":0,\"publisher\":{\"@id\":\"https:\/\/madeinzaragoza.es\/blog\/#organization\"},\"articleSection\":[\"Gente\"],\"inLanguage\":\"es\",\"potentialAction\":[{\"@type\":\"CommentAction\",\"name\":\"Comment\",\"target\":[\"https:\/\/madeinzaragoza.es\/blog\/retratoscreativoszgz-oscar-sanmartin\/#respond\"]}]},{\"@type\":\"WebPage\",\"@id\":\"https:\/\/madeinzaragoza.es\/blog\/retratoscreativoszgz-oscar-sanmartin\/\",\"url\":\"https:\/\/madeinzaragoza.es\/blog\/retratoscreativoszgz-oscar-sanmartin\/\",\"name\":\"#RetratosCreativosZgz | Oscar Sanmartin - Made in Zaragoza\",\"isPartOf\":{\"@id\":\"https:\/\/madeinzaragoza.es\/blog\/#website\"},\"datePublished\":\"2016-02-02T20:35:12+00:00\",\"dateModified\":\"2016-02-24T07:10:51+00:00\",\"description\":\"Hoy hemos estado con Oscar Sanmartin, dibujante, modelista y dise\u00f1ador gr\u00e1fico, adem\u00e1s de ilustrador.\",\"breadcrumb\":{\"@id\":\"https:\/\/madeinzaragoza.es\/blog\/retratoscreativoszgz-oscar-sanmartin\/#breadcrumb\"},\"inLanguage\":\"es\",\"potentialAction\":[{\"@type\":\"ReadAction\",\"target\":[\"https:\/\/madeinzaragoza.es\/blog\/retratoscreativoszgz-oscar-sanmartin\/\"]}]},{\"@type\":\"BreadcrumbList\",\"@id\":\"https:\/\/madeinzaragoza.es\/blog\/retratoscreativoszgz-oscar-sanmartin\/#breadcrumb\",\"itemListElement\":[{\"@type\":\"ListItem\",\"position\":1,\"name\":\"Portada\",\"item\":\"https:\/\/madeinzaragoza.es\/blog\/\"},{\"@type\":\"ListItem\",\"position\":2,\"name\":\"#RetratosCreativosZgz | Oscar Sanmartin\"}]},{\"@type\":\"WebSite\",\"@id\":\"https:\/\/madeinzaragoza.es\/blog\/#website\",\"url\":\"https:\/\/madeinzaragoza.es\/blog\/\",\"name\":\"Made in Zaragoza\",\"description\":\"Blog de MadeinZGZ, Red de Econom\u00eda Creativa de Zaragoza\",\"publisher\":{\"@id\":\"https:\/\/madeinzaragoza.es\/blog\/#organization\"},\"potentialAction\":[{\"@type\":\"SearchAction\",\"target\":{\"@type\":\"EntryPoint\",\"urlTemplate\":\"https:\/\/madeinzaragoza.es\/blog\/?s={search_term_string}\"},\"query-input\":\"required name=search_term_string\"}],\"inLanguage\":\"es\"},{\"@type\":\"Organization\",\"@id\":\"https:\/\/madeinzaragoza.es\/blog\/#organization\",\"name\":\"Made In Zaragoza\",\"url\":\"https:\/\/madeinzaragoza.es\/blog\/\",\"sameAs\":[\"https:\/\/www.instagram.com\/madeinzaragoza.es\/\",\"https:\/\/www.facebook.com\/madeinzaragoza.es\/\",\"https:\/\/twitter.com\/madeinzaragoza\"],\"logo\":{\"@type\":\"ImageObject\",\"inLanguage\":\"es\",\"@id\":\"https:\/\/madeinzaragoza.es\/blog\/#\/schema\/logo\/image\/\",\"url\":\"https:\/\/madeinzaragoza.es\/blog\/wp-content\/uploads\/2022\/05\/logo.png\",\"contentUrl\":\"https:\/\/madeinzaragoza.es\/blog\/wp-content\/uploads\/2022\/05\/logo.png\",\"width\":193,\"height\":176,\"caption\":\"Made In Zaragoza\"},\"image\":{\"@id\":\"https:\/\/madeinzaragoza.es\/blog\/#\/schema\/logo\/image\/\"}},{\"@type\":\"Person\",\"@id\":\"https:\/\/madeinzaragoza.es\/blog\/#\/schema\/person\/2ac8fd02012df8dffd581d7caebbde48\",\"name\":\"David Gimenez\",\"image\":{\"@type\":\"ImageObject\",\"inLanguage\":\"es\",\"@id\":\"https:\/\/madeinzaragoza.es\/blog\/#\/schema\/person\/image\/\",\"url\":\"http:\/\/1.gravatar.com\/avatar\/7950630cc84266afd7cef6f01b2c17dc?s=96&d=mm&r=g\",\"contentUrl\":\"http:\/\/1.gravatar.com\/avatar\/7950630cc84266afd7cef6f01b2c17dc?s=96&d=mm&r=g\",\"caption\":\"David Gimenez\"},\"description\":\"Apasionado de internet y de los geniales rincones que ofrece la ciudad de Zaragoza. Mi objetivo es compartir con vosotros mi inquietud por descubrir lugares, personas y eventos especiales.\",\"sameAs\":[\"http:\/\/zaragozaguia.com\",\"zaragoza.guia.2\",\"https:\/\/twitter.com\/zgzguia\"],\"url\":\"http:\/\/madeinzaragoza.es\/blog\/author\/david\/\"}]}<\/script>\n<!-- \/ Yoast SEO plugin. -->","yoast_head_json":{"title":"#RetratosCreativosZgz | Oscar Sanmartin - Made in Zaragoza","description":"Hoy hemos estado con Oscar Sanmartin, dibujante, modelista y dise\u00f1ador gr\u00e1fico, adem\u00e1s de ilustrador.","robots":{"index":"index","follow":"follow","max-snippet":"max-snippet:-1","max-image-preview":"max-image-preview:large","max-video-preview":"max-video-preview:-1"},"canonical":"https:\/\/madeinzaragoza.es\/blog\/retratoscreativoszgz-oscar-sanmartin\/","og_locale":"es_ES","og_type":"article","og_title":"#RetratosCreativosZgz | Oscar Sanmartin - Made in Zaragoza","og_description":"Hoy hemos estado con Oscar Sanmartin, dibujante, modelista y dise\u00f1ador gr\u00e1fico, adem\u00e1s de ilustrador.","og_url":"https:\/\/madeinzaragoza.es\/blog\/retratoscreativoszgz-oscar-sanmartin\/","og_site_name":"Made in Zaragoza","article_publisher":"https:\/\/www.facebook.com\/madeinzaragoza.es\/","article_author":"zaragoza.guia.2","article_published_time":"2016-02-02T20:35:12+00:00","article_modified_time":"2016-02-24T07:10:51+00:00","og_image":[{"width":504,"height":402,"url":"https:\/\/madeinzaragoza.es\/blog\/wp-content\/uploads\/2016\/01\/san1.jpg","type":"image\/jpeg"}],"author":"David Gimenez","twitter_card":"summary","twitter_creator":"@zgzguia","twitter_site":"@madeinzaragoza","twitter_misc":{"Escrito por":"David Gimenez","Tiempo de lectura":"4 minutos"},"schema":{"@context":"https:\/\/schema.org","@graph":[{"@type":"Article","@id":"https:\/\/madeinzaragoza.es\/blog\/retratoscreativoszgz-oscar-sanmartin\/#article","isPartOf":{"@id":"https:\/\/madeinzaragoza.es\/blog\/retratoscreativoszgz-oscar-sanmartin\/"},"author":{"name":"David Gimenez","@id":"https:\/\/madeinzaragoza.es\/blog\/#\/schema\/person\/2ac8fd02012df8dffd581d7caebbde48"},"headline":"#RetratosCreativosZgz | Oscar Sanmartin","datePublished":"2016-02-02T20:35:12+00:00","dateModified":"2016-02-24T07:10:51+00:00","mainEntityOfPage":{"@id":"https:\/\/madeinzaragoza.es\/blog\/retratoscreativoszgz-oscar-sanmartin\/"},"wordCount":745,"commentCount":0,"publisher":{"@id":"https:\/\/madeinzaragoza.es\/blog\/#organization"},"articleSection":["Gente"],"inLanguage":"es","potentialAction":[{"@type":"CommentAction","name":"Comment","target":["https:\/\/madeinzaragoza.es\/blog\/retratoscreativoszgz-oscar-sanmartin\/#respond"]}]},{"@type":"WebPage","@id":"https:\/\/madeinzaragoza.es\/blog\/retratoscreativoszgz-oscar-sanmartin\/","url":"https:\/\/madeinzaragoza.es\/blog\/retratoscreativoszgz-oscar-sanmartin\/","name":"#RetratosCreativosZgz | Oscar Sanmartin - Made in Zaragoza","isPartOf":{"@id":"https:\/\/madeinzaragoza.es\/blog\/#website"},"datePublished":"2016-02-02T20:35:12+00:00","dateModified":"2016-02-24T07:10:51+00:00","description":"Hoy hemos estado con Oscar Sanmartin, dibujante, modelista y dise\u00f1ador gr\u00e1fico, adem\u00e1s de ilustrador.","breadcrumb":{"@id":"https:\/\/madeinzaragoza.es\/blog\/retratoscreativoszgz-oscar-sanmartin\/#breadcrumb"},"inLanguage":"es","potentialAction":[{"@type":"ReadAction","target":["https:\/\/madeinzaragoza.es\/blog\/retratoscreativoszgz-oscar-sanmartin\/"]}]},{"@type":"BreadcrumbList","@id":"https:\/\/madeinzaragoza.es\/blog\/retratoscreativoszgz-oscar-sanmartin\/#breadcrumb","itemListElement":[{"@type":"ListItem","position":1,"name":"Portada","item":"https:\/\/madeinzaragoza.es\/blog\/"},{"@type":"ListItem","position":2,"name":"#RetratosCreativosZgz | Oscar Sanmartin"}]},{"@type":"WebSite","@id":"https:\/\/madeinzaragoza.es\/blog\/#website","url":"https:\/\/madeinzaragoza.es\/blog\/","name":"Made in Zaragoza","description":"Blog de MadeinZGZ, Red de Econom\u00eda Creativa de Zaragoza","publisher":{"@id":"https:\/\/madeinzaragoza.es\/blog\/#organization"},"potentialAction":[{"@type":"SearchAction","target":{"@type":"EntryPoint","urlTemplate":"https:\/\/madeinzaragoza.es\/blog\/?s={search_term_string}"},"query-input":"required name=search_term_string"}],"inLanguage":"es"},{"@type":"Organization","@id":"https:\/\/madeinzaragoza.es\/blog\/#organization","name":"Made In Zaragoza","url":"https:\/\/madeinzaragoza.es\/blog\/","sameAs":["https:\/\/www.instagram.com\/madeinzaragoza.es\/","https:\/\/www.facebook.com\/madeinzaragoza.es\/","https:\/\/twitter.com\/madeinzaragoza"],"logo":{"@type":"ImageObject","inLanguage":"es","@id":"https:\/\/madeinzaragoza.es\/blog\/#\/schema\/logo\/image\/","url":"https:\/\/madeinzaragoza.es\/blog\/wp-content\/uploads\/2022\/05\/logo.png","contentUrl":"https:\/\/madeinzaragoza.es\/blog\/wp-content\/uploads\/2022\/05\/logo.png","width":193,"height":176,"caption":"Made In Zaragoza"},"image":{"@id":"https:\/\/madeinzaragoza.es\/blog\/#\/schema\/logo\/image\/"}},{"@type":"Person","@id":"https:\/\/madeinzaragoza.es\/blog\/#\/schema\/person\/2ac8fd02012df8dffd581d7caebbde48","name":"David Gimenez","image":{"@type":"ImageObject","inLanguage":"es","@id":"https:\/\/madeinzaragoza.es\/blog\/#\/schema\/person\/image\/","url":"http:\/\/1.gravatar.com\/avatar\/7950630cc84266afd7cef6f01b2c17dc?s=96&d=mm&r=g","contentUrl":"http:\/\/1.gravatar.com\/avatar\/7950630cc84266afd7cef6f01b2c17dc?s=96&d=mm&r=g","caption":"David Gimenez"},"description":"Apasionado de internet y de los geniales rincones que ofrece la ciudad de Zaragoza. Mi objetivo es compartir con vosotros mi inquietud por descubrir lugares, personas y eventos especiales.","sameAs":["http:\/\/zaragozaguia.com","zaragoza.guia.2","https:\/\/twitter.com\/zgzguia"],"url":"http:\/\/madeinzaragoza.es\/blog\/author\/david\/"}]}},"_links":{"self":[{"href":"http:\/\/madeinzaragoza.es\/blog\/wp-json\/wp\/v2\/posts\/10757"}],"collection":[{"href":"http:\/\/madeinzaragoza.es\/blog\/wp-json\/wp\/v2\/posts"}],"about":[{"href":"http:\/\/madeinzaragoza.es\/blog\/wp-json\/wp\/v2\/types\/post"}],"author":[{"embeddable":true,"href":"http:\/\/madeinzaragoza.es\/blog\/wp-json\/wp\/v2\/users\/2"}],"replies":[{"embeddable":true,"href":"http:\/\/madeinzaragoza.es\/blog\/wp-json\/wp\/v2\/comments?post=10757"}],"version-history":[{"count":6,"href":"http:\/\/madeinzaragoza.es\/blog\/wp-json\/wp\/v2\/posts\/10757\/revisions"}],"predecessor-version":[{"id":10765,"href":"http:\/\/madeinzaragoza.es\/blog\/wp-json\/wp\/v2\/posts\/10757\/revisions\/10765"}],"wp:featuredmedia":[{"embeddable":true,"href":"http:\/\/madeinzaragoza.es\/blog\/wp-json\/wp\/v2\/media\/10758"}],"wp:attachment":[{"href":"http:\/\/madeinzaragoza.es\/blog\/wp-json\/wp\/v2\/media?parent=10757"}],"wp:term":[{"taxonomy":"category","embeddable":true,"href":"http:\/\/madeinzaragoza.es\/blog\/wp-json\/wp\/v2\/categories?post=10757"},{"taxonomy":"post_tag","embeddable":true,"href":"http:\/\/madeinzaragoza.es\/blog\/wp-json\/wp\/v2\/tags?post=10757"}],"curies":[{"name":"wp","href":"https:\/\/api.w.org\/{rel}","templated":true}]}}